{"id":1465,"date":"2021-09-13T12:29:00","date_gmt":"2021-09-13T10:29:00","guid":{"rendered":"https:\/\/www.manutan.cz\/magazin\/?p=1465"},"modified":"2025-05-06T12:58:24","modified_gmt":"2025-05-06T10:58:24","slug":"co-szkoly-kupuja-latem","status":"publish","type":"post","link":"https:\/\/www.manutan.pl\/blog\/co-szkoly-kupuja-latem\/","title":{"rendered":"Co szko\u0142y kupuj\u0105 latem i&nbsp;o&nbsp;czym nie nale\u017cy zapomina\u0107, wyposa\u017caj\u0105c now\u0105 sal\u0119 lekcyjn\u0105?"},"content":{"rendered":"\n<figure class=\"wp-block-image size-large\"><img decoding=\"async\" loading=\"lazy\" width=\"1024\" height=\"682\" src=\"https:\/\/www.manutan.cz\/magazin\/wp-content\/uploads\/2021\/07\/co-ve-skolach-nakupuji-pres-leto-01-1024x682.jpg\" alt=\"Co p\u0159es l\u00e9to nakupuj\u00ed \u0161koly do z\u00e1soby a na co nezapomenout, kdy\u017e vybavujete novou u\u010debnu\" class=\"wp-image-1466\" srcset=\"https:\/\/www.manutan.pl\/blog\/wp-content\/uploads\/2021\/07\/co-ve-skolach-nakupuji-pres-leto-01-1024x682.jpg 1024w, https:\/\/www.manutan.pl\/blog\/wp-content\/uploads\/2021\/07\/co-ve-skolach-nakupuji-pres-leto-01-300x200.jpg 300w, https:\/\/www.manutan.pl\/blog\/wp-content\/uploads\/2021\/07\/co-ve-skolach-nakupuji-pres-leto-01-768x512.jpg 768w, https:\/\/www.manutan.pl\/blog\/wp-content\/uploads\/2021\/07\/co-ve-skolach-nakupuji-pres-leto-01.jpg 1048w\" sizes=\"(max-width: 1024px) 100vw, 1024px\" \/><\/figure>\n\n\n\n<p>Je\u015bli chcesz upora\u0107 si\u0119 z&nbsp;zakupem materia\u0142\u00f3w biurowych przed rozpocz\u0119ciem roku szkolnego, sporz\u0105d\u017a list\u0119 produkt\u00f3w, kt\u00f3re s\u0105 Ci potrzebne do pracy z&nbsp;dzie\u0107mi oraz nauczania. Przeka\u017c wykaz niezb\u0119dnych pomocy naukowych dyrekcji, a&nbsp;dzi\u0119ki temu nie b\u0119dziesz musia\u0142 my\u015ble\u0107 o&nbsp;ich uzupe\u0142nianiu w ci\u0105gu roku.&nbsp;<\/p>\n\n\n\n<p>W Szkole Podstawowej Montessori w Frydku-Mistku pracownicy opracowali w\u0142asny system zakup\u00f3w letnich i&nbsp;tych w ci\u0105gu roku szkolnego. \u201eWsp\u00f3\u0142pracownicy prowadz\u0105 wsp\u00f3lny arkusz kalkulacyjny, w kt\u00f3rym zapisuj\u0105 zam\u00f3wienia, w tym du\u017ce zakupy na okres letni. Mamy w nim oko\u0142o 200 sta\u0142ych pozycji, kt\u00f3rych zakup nale\u017cy powtarza\u0107 regularnie. S\u0105 w nim r\u00f3wnie\u017c artyku\u0142y do sprz\u0105tania lub do kuchni\u201d \u2013 wyja\u015bnia dyrektor szko\u0142y Michal Frain\u0161ic<\/p>\n\n\n\n<h2>Dodaj do listy artyku\u0142y biurowe dla sekretariatu oraz nauczycieli<\/h2>\n\n\n\n<p>Zakupy do szk\u00f3\u0142 obejmuj\u0105 nie tylko przybory szkolne dla dzieci takie jak farby i&nbsp;inne akcesoria plastyczne. Nale\u017cy pomy\u015ble\u0107 tak\u017ce o&nbsp;potrzebach pracownik\u00f3w i&nbsp;niezb\u0119dnym wyposa\u017ceniu sekretariatu, czyli materia\u0142ach biurowych. Dlatego pami\u0119taj o:<\/p>\n\n\n\n<ul><li>papierze A4 do druku,<\/li><li>folii do laminowania,<\/li><li>wk\u0142adach do zszywacza,<\/li><li>zapasie tonera,<\/li><li>kartkach samoprzylepnych,<\/li><li>nowych d\u0142ugopisach, o\u0142\u00f3wkach i&nbsp;gumkach,<\/li><li>teczkach na dokumenty,<\/li><li>kalendarzach,<\/li><li>podk\u0142adkach z&nbsp;klipsem,<\/li><li>kopertach,<\/li><li>zakre\u015blaczach, klejach i&nbsp;korektorach,<\/li><li>spinaczach, magnesach i&nbsp;pinezkach do tablic sucho\u015bcieralnych,<\/li><li>linijkach i&nbsp;no\u017cyczkach.<\/li><\/ul>\n\n\n\n<p>Nie mo\u017cna tak\u017ce zapomnie\u0107 o&nbsp;wyposa\u017ceniu nauczycieli w dzienniki lekcyjne, papier do dyplom\u00f3w czy aktualne podr\u0119czniki do prowadzenia zaj\u0119\u0107. Ponadto przydatne w ci\u0105gu roku szkolnego okazuj\u0105 si\u0119 akcesoria do sortowania dokument\u00f3w, takie jak pud\u0142a kartonowe, segregatory oraz modu\u0142owe sortery.&nbsp;<\/p>\n\n\n\n<figure class=\"is-layout-flex wp-block-gallery-1 wp-block-gallery columns-3 is-cropped\"><ul class=\"blocks-gallery-grid\"><li class=\"blocks-gallery-item\"><figure><img decoding=\"async\" loading=\"lazy\" width=\"500\" height=\"500\" src=\"https:\/\/www.manutan.cz\/magazin\/wp-content\/uploads\/2021\/08\/AIG2742901.jpg\" alt=\"AIG2742901\" data-id=\"1471\" data-full-url=\"https:\/\/www.manutan.cz\/magazin\/wp-content\/uploads\/2021\/08\/AIG2742901.jpg\" data-link=\"https:\/\/www.manutan.cz\/magazin\/?attachment_id=1471\" class=\"wp-image-1471\" srcset=\"https:\/\/www.manutan.pl\/blog\/wp-content\/uploads\/2021\/08\/AIG2742901.jpg 500w, https:\/\/www.manutan.pl\/blog\/wp-content\/uploads\/2021\/08\/AIG2742901-300x300.jpg 300w, https:\/\/www.manutan.pl\/blog\/wp-content\/uploads\/2021\/08\/AIG2742901-150x150.jpg 150w\" sizes=\"(max-width: 500px) 100vw, 500px\" \/><figcaption class=\"blocks-gallery-item__caption\"><a href=\"https:\/\/www.manutan.pl\/pl\/mpl\/segregatory-dzwigniowe-esselte-eye-20-szt-#productPageTabContainerDiv\" data-type=\"URL\" data-id=\"https:\/\/www.manutan.pl\/pl\/mpl\/segregatory-dzwigniowe-esselte-eye-20-szt-#productPageTabContainerDiv\" target=\"_blank\" rel=\"noreferrer noopener\">Segregatory d\u017awigniowe<\/a><\/figcaption><\/figure><\/li><li class=\"blocks-gallery-item\"><figure><img decoding=\"async\" loading=\"lazy\" width=\"500\" height=\"500\" src=\"https:\/\/www.manutan.cz\/magazin\/wp-content\/uploads\/2021\/08\/AIG2741993.jpg\" alt=\"AIG2741993\" data-id=\"1470\" data-full-url=\"https:\/\/www.manutan.cz\/magazin\/wp-content\/uploads\/2021\/08\/AIG2741993.jpg\" data-link=\"https:\/\/www.manutan.cz\/magazin\/?attachment_id=1470\" class=\"wp-image-1470\" srcset=\"https:\/\/www.manutan.pl\/blog\/wp-content\/uploads\/2021\/08\/AIG2741993.jpg 500w, https:\/\/www.manutan.pl\/blog\/wp-content\/uploads\/2021\/08\/AIG2741993-300x300.jpg 300w, https:\/\/www.manutan.pl\/blog\/wp-content\/uploads\/2021\/08\/AIG2741993-150x150.jpg 150w\" sizes=\"(max-width: 500px) 100vw, 500px\" \/><figcaption class=\"blocks-gallery-item__caption\"><a href=\"https:\/\/www.manutan.pl\/pl\/mpl\/modul-z-przegrodkami-15-przegrodek-968015\" data-type=\"URL\" data-id=\"https:\/\/www.manutan.pl\/pl\/mpl\/modul-z-przegrodkami-15-przegrodek-968015\" target=\"_blank\" rel=\"noreferrer noopener\">Modu\u0142 z&nbsp;przegr\u00f3dkami<\/a><\/figcaption><\/figure><\/li><li class=\"blocks-gallery-item\"><figure><img decoding=\"async\" loading=\"lazy\" width=\"500\" height=\"500\" src=\"https:\/\/www.manutan.cz\/magazin\/wp-content\/uploads\/2021\/08\/AIG2737839.jpg\" alt=\"AIG2737839\" data-id=\"1469\" data-full-url=\"https:\/\/www.manutan.cz\/magazin\/wp-content\/uploads\/2021\/08\/AIG2737839.jpg\" data-link=\"https:\/\/www.manutan.cz\/magazin\/?attachment_id=1469\" class=\"wp-image-1469\" srcset=\"https:\/\/www.manutan.pl\/blog\/wp-content\/uploads\/2021\/08\/AIG2737839.jpg 500w, https:\/\/www.manutan.pl\/blog\/wp-content\/uploads\/2021\/08\/AIG2737839-300x300.jpg 300w, https:\/\/www.manutan.pl\/blog\/wp-content\/uploads\/2021\/08\/AIG2737839-150x150.jpg 150w\" sizes=\"(max-width: 500px) 100vw, 500px\" \/><figcaption class=\"blocks-gallery-item__caption\"><a href=\"https:\/\/www.manutan.pl\/pl\/mpl\/pudlo-archiwizacyjne-z-pokrywa#productPageTabContainerDiv\" data-type=\"URL\" data-id=\"https:\/\/www.manutan.pl\/pl\/mpl\/pudlo-archiwizacyjne-z-pokrywa#productPageTabContainerDiv\" target=\"_blank\" rel=\"noreferrer noopener\">Pude\u0142ko archiwizacyjne z&nbsp;pokrywk\u0105<\/a><\/figcaption><\/figure><\/li><\/ul><\/figure>\n\n\n\n<h2>Zapewnij personelowi sprz\u0105taj\u0105cemu niezb\u0119dne \u015brodki czysto\u015bci<\/h2>\n\n\n\n<p>Czysto\u015b\u0107 sal lekcyjnych oraz innych pomieszcze\u0144 w szkole musi sta\u0107 na najwy\u017cszym poziomie. Dlatego pami\u0119taj o&nbsp;tym, aby zapewni\u0107 personelowi sprz\u0105taj\u0105cemu niezb\u0119dne \u015brodki czysto\u015bci:<\/p>\n\n\n\n<ul><li>zapas myd\u0142a w p\u0142ynie,<\/li><li>papier toaletowy i&nbsp;r\u0119czniki papierowe,<\/li><li>\u015brodki do czyszczenia toalet,<\/li><li>worki na \u015bmieci,<\/li><li>worki do odkurzacza,<\/li><li>jednorazowe i&nbsp;gumowe r\u0119kawice,<\/li><li>p\u0142yny do dezynfekcji r\u0105k dla dzieci i&nbsp;personelu,<\/li><li>p\u0142yn do mycia okien i&nbsp;powierzchni szklanych,<\/li><li>odkamieniacz do czajnik\u00f3w elektrycznych i&nbsp;ekspres\u00f3w do kawy,<\/li><li>tabletki do zmywarki,<\/li><li>g\u0105bki i&nbsp;zmywaki,<\/li><li>\u015bciereczki do wycierania kurzu.<\/li><\/ul>\n\n\n\n<p>W okresie letnim przejrzyj dok\u0142adnie stan akcesori\u00f3w do sprz\u0105tania. Sprawd\u017a, czy miot\u0142y, szufelki nie wymagaj\u0105 wymiany, a&nbsp;odkurzacze i&nbsp;inne mechaniczne sprz\u0119ty s\u0105 w pe\u0142ni sprawne. Je\u015bli takie usterki zauwa\u017cymy w ci\u0105gu roku szkolnego, mo\u017cemy op\u00f3\u017ani\u0107 prace porz\u0105dkowe ekipy sprz\u0105taj\u0105cej.<\/p>\n\n\n\n<figure class=\"is-layout-flex wp-block-gallery-3 wp-block-gallery columns-3 is-cropped\"><ul class=\"blocks-gallery-grid\"><li class=\"blocks-gallery-item\"><figure><img decoding=\"async\" loading=\"lazy\" width=\"500\" height=\"500\" src=\"https:\/\/www.manutan.cz\/magazin\/wp-content\/uploads\/2021\/08\/AIG3623390.jpg\" alt=\"AIG3623390\" data-id=\"1479\" data-full-url=\"https:\/\/www.manutan.cz\/magazin\/wp-content\/uploads\/2021\/08\/AIG3623390.jpg\" data-link=\"https:\/\/www.manutan.cz\/magazin\/?attachment_id=1479\" class=\"wp-image-1479\" srcset=\"https:\/\/www.manutan.pl\/blog\/wp-content\/uploads\/2021\/08\/AIG3623390.jpg 500w, https:\/\/www.manutan.pl\/blog\/wp-content\/uploads\/2021\/08\/AIG3623390-300x300.jpg 300w, https:\/\/www.manutan.pl\/blog\/wp-content\/uploads\/2021\/08\/AIG3623390-150x150.jpg 150w\" sizes=\"(max-width: 500px) 100vw, 500px\" \/><figcaption class=\"blocks-gallery-item__caption\"><a href=\"https:\/\/www.manutan.pl\/pl\/mpl\/wozek-do-sprzatania-manutan-z-wyzymaczka-dzwigniowa-pojemnosc-2-x-25-l-995397\" data-type=\"URL\" data-id=\"https:\/\/www.manutan.pl\/pl\/mpl\/wozek-do-sprzatania-manutan-z-wyzymaczka-dzwigniowa-pojemnosc-2-x-25-l-995397\" target=\"_blank\" rel=\"noreferrer noopener\">W\u00f3zek do sprz\u0105tania Manutan z&nbsp;wy\u017cymaczk\u0105 d\u017awigniow\u0105<\/a><\/figcaption><\/figure><\/li><li class=\"blocks-gallery-item\"><figure><img decoding=\"async\" loading=\"lazy\" width=\"500\" height=\"500\" src=\"https:\/\/blogmanutan.pl\/wp-content\/uploads\/2021\/09\/AIG2730957.jpg\" alt=\"\" data-id=\"1600\" data-full-url=\"https:\/\/blogmanutan.pl\/wp-content\/uploads\/2021\/09\/AIG2730957.jpg\" data-link=\"https:\/\/blogmanutan.pl\/?attachment_id=1600\" class=\"wp-image-1600\" srcset=\"https:\/\/www.manutan.pl\/blog\/wp-content\/uploads\/2021\/09\/AIG2730957.jpg 500w, https:\/\/www.manutan.pl\/blog\/wp-content\/uploads\/2021\/09\/AIG2730957-300x300.jpg 300w, https:\/\/www.manutan.pl\/blog\/wp-content\/uploads\/2021\/09\/AIG2730957-150x150.jpg 150w\" sizes=\"(max-width: 500px) 100vw, 500px\" \/><figcaption class=\"blocks-gallery-item__caption\"><a href=\"https:\/\/www.manutan.pl\/pl\/mpl\/srodek-czyszczacy-lesk-forte-premium-800-ml-z-rozpraszaczem\" data-type=\"URL\" data-id=\"https:\/\/www.manutan.pl\/pl\/mpl\/srodek-czyszczacy-lesk-forte-premium-800-ml-z-rozpraszaczem\" target=\"_blank\" rel=\"noreferrer noopener\">\u015arodek czyszcz\u0105cy<\/a><\/figcaption><\/figure><\/li><li class=\"blocks-gallery-item\"><figure><img decoding=\"async\" loading=\"lazy\" width=\"500\" height=\"500\" src=\"https:\/\/blogmanutan.pl\/wp-content\/uploads\/2021\/09\/AIG6688282.jpg\" alt=\"\" data-id=\"1601\" data-full-url=\"https:\/\/blogmanutan.pl\/wp-content\/uploads\/2021\/09\/AIG6688282.jpg\" data-link=\"https:\/\/blogmanutan.pl\/?attachment_id=1601\" class=\"wp-image-1601\" srcset=\"https:\/\/www.manutan.pl\/blog\/wp-content\/uploads\/2021\/09\/AIG6688282.jpg 500w, https:\/\/www.manutan.pl\/blog\/wp-content\/uploads\/2021\/09\/AIG6688282-300x300.jpg 300w, https:\/\/www.manutan.pl\/blog\/wp-content\/uploads\/2021\/09\/AIG6688282-150x150.jpg 150w\" sizes=\"(max-width: 500px) 100vw, 500px\" \/><figcaption class=\"blocks-gallery-item__caption\"><a href=\"https:\/\/www.manutan.pl\/pl\/mpl\/profesjonalny-plyn-do-dezynfekcji-rak-hysepta-wirusobojczy-bakteriobojczy-5l\" data-type=\"URL\" data-id=\"https:\/\/www.manutan.pl\/pl\/mpl\/profesjonalny-plyn-do-dezynfekcji-rak-hysepta-wirusobojczy-bakteriobojczy-5l\" target=\"_blank\" rel=\"noreferrer noopener\">Profesjonalny p\u0142yn do dezynfekcji r\u0105k<\/a><\/figcaption><\/figure><\/li><\/ul><\/figure>\n\n\n\n<h2>Szko\u0142y prywatne wyposa\u017caj\u0105 dzieci tak\u017ce w pomoce naukowe i&nbsp;podr\u0119czniki<\/h2>\n\n\n\n<p>W przeciwie\u0144stwie do szk\u00f3\u0142 publicznych, plac\u00f3wki prywatne zazwyczaj kupuj\u0105 artyku\u0142y papiernicze i&nbsp;plastyczne dla dzieci. Ponadto zapewniaj\u0105 im tak\u017ce zeszyty \u0107wicze\u0144 i&nbsp;podr\u0119czniki.<\/p>\n\n\n\n<p>\u201eNasza szko\u0142a jest specyficzna, poniewa\u017c zamawiamy r\u00f3wnie\u017c pomoce Montessori. S\u0105 to na przyk\u0142ad figury geometryczne wykonane z&nbsp;drewna lub metalu, gry dydaktyczne i&nbsp;j\u0119zykowe czy karty z&nbsp;obrazami natury\u201d \u2013 wyja\u015bnia Michal Frain\u0161ic.<\/p>\n\n\n\n<p>\u201eKupujemy te\u017c podr\u0119czniki dla dzieci w wieku szkolnym, kt\u00f3re s\u0105 typowe dla metody, jak\u0105 wykorzystujemy w nauce. Dzieci z&nbsp;\u0142atwo\u015bci\u0105 znajd\u0105 w bibliotece trzy r\u00f3\u017cne podr\u0119czniki do fizyki, z&nbsp;kt\u00f3rych mog\u0105 czerpa\u0107 informacje na temat, kt\u00f3ry aktualnie omawiaj\u0105\u201d \u2013 opisuje Michal Frain\u0161ic.<\/p>\n\n\n\n<p>Je\u015bli potrzebujesz listy pomocy naukowych dla pierwszoroczniak\u00f3w, napisali\u015bmy j\u0105 dla Ciebie:<\/p>\n\n\n\n<ul><li>akwarele (12 kolor\u00f3w),<\/li><li>zestaw p\u0119dzli (rozmiary 8, 10, 12),<\/li><li>kolorowe kredy,<\/li><li>klej w sztyfcie,<\/li><li>plastelina (10 kolor\u00f3w),<\/li><li>podk\u0142adka do modelowania,<\/li><li>plastikowy obrus na \u0142awk\u0119 (do plastyki),<\/li><li>fartuch (do plastyki),<\/li><li>no\u017cyczki dla dzieci z&nbsp;okr\u0105g\u0142\u0105 ko\u0144c\u00f3wk\u0105,<\/li><li>temper\u00f3wka z&nbsp;2 otworami (najlepiej zamykana),<\/li><li>kredki 18 kolor\u00f3w (najlepiej tr\u00f3jk\u0105tne dla \u0142atwiejszego trzymania),<\/li><li>kredki \u015bwiecowe 12 kolor\u00f3w,<\/li><li>klasyczne pi\u00f3ro z&nbsp;atramentem lub d\u0142ugopis<\/li><li>zwyk\u0142e o\u0142\u00f3wki (najlepiej tr\u00f3jk\u0105tne, twardo\u015b\u0107 1, 2, 3),<\/li><li>linijka klasyczna i&nbsp;ekierka,<\/li><li>gumka,<\/li><li>zeszyty du\u017ce \u2013 A4 i&nbsp;ma\u0142e \u2013 A5,<\/li><li>ok\u0142adki na zeszyty i&nbsp;podr\u0119czniki,<\/li><li>papier kolorowy.<\/li><\/ul>\n\n\n\n<h2>Wyposa\u017c now\u0105 klas\u0119, zapewniaj\u0105c uczniom komfortow\u0105 przestrze\u0144 do nauki<\/h2>\n\n\n\n<p>Aby nie pope\u0142ni\u0107 b\u0142\u0119du przy urz\u0105dzaniu nowej klasy, kieruj si\u0119 tym, aby zapewni\u0107 jednemu uczniowi oko\u0142o 1,5&nbsp;m<sup>2<\/sup> miejsca. Dlatego najlepiej zmierzy\u0107 sal\u0119, wybra\u0107 krzes\u0142a, \u0142awki i&nbsp;meble, a&nbsp;nast\u0119pnie u\u0142o\u017cy\u0107 wszystko w aplikacji do modelowania 3D. Przyk\u0142adowe programy, jakich mo\u017cna u\u017cy\u0107, to:<\/p>\n\n\n\n<ul><li>Floorplanner,<\/li><li>Homestyler,<\/li><li>planer IKEA.<\/li><\/ul>\n\n\n\n<p>Je\u015bli zabierzesz si\u0119 za projektowanie sali samodzielnie, zajmie Ci to z&nbsp;pewno\u015bci\u0105 du\u017co czasu. Dlatego skontaktuj si\u0119 z&nbsp;nami! Przygotujemy dla Ciebie wizualizacj\u0119 3D oraz wykonamy potrzebne pomiary pomieszczenia.<\/p>\n\n\n\n<p>Opr\u00f3cz krzese\u0142 i&nbsp;\u0142awek dla dzieci podczas wyposa\u017cania sali lekcyjnej nie mo\u017cna zapomnie\u0107 o&nbsp;akcesoriach takich jak:<\/p>\n\n\n\n<ul><li>zegar,<\/li><li>tablice korkowe i&nbsp;magnetyczne,<\/li><li>klasyczna tablica (najlepiej dwuskrzyd\u0142owa),<\/li><li>markery, kredy i&nbsp;g\u0105bki do wycierania tablic,<\/li><li>pinezki i&nbsp;magnesy do tablic og\u0142oszeniowych,<\/li><li>krzes\u0142o biurowe dla nauczyciela,<\/li><li>plan dr\u00f3g ewakuacyjnych,<\/li><li>oznakowanie przeciwpo\u017carowe,<\/li><li>kosze na \u015bmieci,<\/li><li>stojak na wykresy i&nbsp;mapy,<\/li><li>szafki na rzeczy osobiste i&nbsp;pomoce uczni\u00f3w,<\/li><li>wyposa\u017cenie biblioteki,<\/li><li>pufy lub taborety.<\/li><\/ul>\n\n\n\n<p>\u201eW tym roku ponownie przenosimy si\u0119 do wi\u0119kszych pomieszcze\u0144 i&nbsp;b\u0119dziemy mieli now\u0105 sal\u0119 lekcyjn\u0105. Wybieraj\u0105c meble, stawiamy na produkcj\u0119 krajow\u0105, dzi\u0119ki czemu bez problemu mo\u017cemy je zareklamowa\u0107 lub kupi\u0107 cz\u0119\u015bci zamienne. Staramy si\u0119 r\u00f3wnie\u017c zobaczy\u0107 wszystkie meble na \u017cywo i&nbsp;wypr\u00f3bowa\u0107 je przed zakupem\u201d \u2013 m\u00f3wi o&nbsp;wyposa\u017caniu nowej klasy Michal Frain\u0161ic.<\/p>\n\n\n\n<p>Nie przewozimy pomocy plastycznych dla dzieci w wieku szkolnym, ale pomo\u017cemy w doborze sto\u0142\u00f3w, krzese\u0142 i&nbsp;innego sprz\u0119tu biurowego w Manutan. Zadzwo\u0144 lub napisz, a&nbsp;razem znajdziemy to, co najlepsze dla Twojej szko\u0142y.<\/p>\n","protected":false},"excerpt":{"rendered":"<p>Szko\u0142y i&nbsp;uczniowie przygotowuj\u0105 si\u0119 do nast\u0119pnego roku szkolnego ju\u017c w okresie letnim. Dyrekcja wymienia stare wyposa\u017cenie w klasach na nowe oraz uzupe\u0142nia zapasy materia\u0142\u00f3w biurowych. Dowiedz si\u0119, jak szko\u0142a podstawowa PLANETA \u2013 Montessori z&nbsp;Frydku-Mistku organizuje zakupy letnie oraz o&nbsp;czym nale\u017cy pami\u0119ta\u0107 podczas wyposa\u017cania nowej sali lekcyjnej. <\/p>\n","protected":false},"author":1,"featured_media":1466,"comment_status":"closed","ping_status":"closed","sticky":false,"template":"","format":"standard","meta":[],"categories":[148,282],"tags":[220,217,13,231,232,233,234,237,213,238,235,236],"jetpack_featured_media_url":"https:\/\/www.manutan.pl\/blog\/wp-content\/uploads\/2021\/07\/co-ve-skolach-nakupuji-pres-leto-01.jpg","_links":{"self":[{"href":"https:\/\/www.manutan.pl\/blog\/wp-json\/wp\/v2\/posts\/1465"}],"collection":[{"href":"https:\/\/www.manutan.pl\/blog\/wp-json\/wp\/v2\/posts"}],"about":[{"href":"https:\/\/www.manutan.pl\/blog\/wp-json\/wp\/v2\/types\/post"}],"author":[{"embeddable":true,"href":"https:\/\/www.manutan.pl\/blog\/wp-json\/wp\/v2\/users\/1"}],"replies":[{"embeddable":true,"href":"https:\/\/www.manutan.pl\/blog\/wp-json\/wp\/v2\/comments?post=1465"}],"version-history":[{"count":19,"href":"https:\/\/www.manutan.pl\/blog\/wp-json\/wp\/v2\/posts\/1465\/revisions"}],"predecessor-version":[{"id":3025,"href":"https:\/\/www.manutan.pl\/blog\/wp-json\/wp\/v2\/posts\/1465\/revisions\/3025"}],"wp:featuredmedia":[{"embeddable":true,"href":"https:\/\/www.manutan.pl\/blog\/wp-json\/wp\/v2\/media\/1466"}],"wp:attachment":[{"href":"https:\/\/www.manutan.pl\/blog\/wp-json\/wp\/v2\/media?parent=1465"}],"wp:term":[{"taxonomy":"category","embeddable":true,"href":"https:\/\/www.manutan.pl\/blog\/wp-json\/wp\/v2\/categories?post=1465"},{"taxonomy":"post_tag","embeddable":true,"href":"https:\/\/www.manutan.pl\/blog\/wp-json\/wp\/v2\/tags?post=1465"}],"curies":[{"name":"wp","href":"https:\/\/api.w.org\/{rel}","templated":true}]}}