{"id":1944,"date":"2022-08-16T17:10:00","date_gmt":"2022-08-16T15:10:00","guid":{"rendered":"https:\/\/www.manutan.pl\/blog\/?p=1944"},"modified":"2025-05-06T12:52:36","modified_gmt":"2025-05-06T10:52:36","slug":"poradnik-wybierz-regaly-magazynowe-z-manutan","status":"publish","type":"post","link":"https:\/\/www.manutan.pl\/blog\/poradnik-wybierz-regaly-magazynowe-z-manutan\/","title":{"rendered":"Poradnik: Wybierz rega\u0142y magazynowe z&nbsp;Manutan"},"content":{"rendered":"\n<figure class=\"wp-block-image size-full\"><img decoding=\"async\" loading=\"lazy\" width=\"1024\" height=\"683\" src=\"https:\/\/www.manutan.pl\/blog\/wp-content\/uploads\/2022\/08\/SAV2206003PIC1-1.webp\" alt=\"Rega\u0142y magazynowe Manutan\" class=\"wp-image-1946\" srcset=\"https:\/\/www.manutan.pl\/blog\/wp-content\/uploads\/2022\/08\/SAV2206003PIC1-1.webp 1024w, https:\/\/www.manutan.pl\/blog\/wp-content\/uploads\/2022\/08\/SAV2206003PIC1-1-300x200.webp 300w, https:\/\/www.manutan.pl\/blog\/wp-content\/uploads\/2022\/08\/SAV2206003PIC1-1-768x512.webp 768w\" sizes=\"(max-width: 1024px) 100vw, 1024px\" \/><\/figure>\n\n\n\n<p><strong>Rega\u0142y magazynowe i&nbsp;rega\u0142y przemys\u0142owe s\u0105 niedocenianymi, ale <a href=\"https:\/\/www.manutan.pl\/blog\/niezbedne-elementy-wyposazenia-poprawiajace-ergonomie-w-magazynie\/\" target=\"_blank\" rel=\"noreferrer noopener\">niezb\u0119dnymi elementami wydajnego magazynu<\/a>. Towary s\u0105 cz\u0119sto transportowane, przechowywane, przenoszone, zabezpieczane, a&nbsp;nawet przygotowywane przy u\u017cyciu rega\u0142\u00f3w przemys\u0142owych, kt\u00f3re r\u00f3wnie\u017c wymagaj\u0105 szczeg\u00f3lnej uwagi. Doradzamy, jak dobra\u0107 odpowiedni rega\u0142 do swoich potrzeb<\/strong><\/p>\n\n\n\n<h2>Rega\u0142 przemys\u0142owy: Co nale\u017cy wzi\u0105\u0107 pod uwag\u0119 przy wyborze?<\/h2>\n\n\n\n<p>Potrzebujesz rega\u0142\u00f3w przemys\u0142owych do swojej nowej firmy, do powi\u0119kszenia powierzchni magazynowych lub do odnowienia obiekt\u00f3w? Bardzo wa\u017cne, by <strong>zacz\u0105\u0107 od oceny swoich potrzeb<\/strong>.<\/p>\n\n\n\n<h3>Okre\u015bl, jaki rodzaj towar\u00f3w b\u0119dzie przechowywany<\/h3>\n\n\n\n<p>Zacznij od zdefiniowania w\u0142a\u015bciwo\u015bci towar\u00f3w i&nbsp;produkt\u00f3w, kt\u00f3re b\u0119d\u0105 przechowywane. Czy s\u0105 luzem lub pakowane w pojemniki? Czy s\u0105 sta\u0142e, p\u0142ynne, t\u0142uste? Czy wymagaj\u0105 wentylacji? Ich w\u0142a\u015bciwo\u015bci okre\u015bl\u0105 rodzaj wymaganego rega\u0142u.<\/p>\n\n\n\n<p>We\u017a pod uwag\u0119 <strong>liczb\u0119 i&nbsp;wielko\u015b\u0107 przedmiot\u00f3w i&nbsp;przechowywanych towar\u00f3w<\/strong>. Pozwoli to okre\u015bli\u0107 dok\u0142adne wymiary p\u00f3\u0142ek i&nbsp;liczb\u0119 wymaganych rz\u0119d\u00f3w.<\/p>\n\n\n\n<p>Ich waga jest r\u00f3wnie\u017c decyduj\u0105cym czynnikiem, gdy wybierasz rega\u0142y przemys\u0142owe. Istniej\u0105 r\u00f3\u017cne kategorie, kt\u00f3re daj\u0105 dobre wyobra\u017cenie o&nbsp;tym, jaki rodzaj rega\u0142\u00f3w wybra\u0107 po&nbsp;ustaleniu obci\u0105\u017cenia:<\/p>\n\n\n\n<p>&nbsp;\u2022 Obci\u0105\u017cenie mniejsze ni\u017c 300&nbsp;kg w przypadku rega\u0142\u00f3w lekkich.<\/p>\n\n\n\n<p>&nbsp;\u2022 Obci\u0105\u017cenie od 300&nbsp;kg do 700&nbsp;kg w przypadku rega\u0142\u00f3w o&nbsp;\u015brednim obci\u0105\u017ceniu.<\/p>\n\n\n\n<p>&nbsp;\u2022 Obci\u0105\u017cenie ponad 700&nbsp;kg dla rega\u0142\u00f3w do du\u017cych obci\u0105\u017ce\u0144.<\/p>\n\n\n\n<h3>Rega\u0142y przemys\u0142owe \u2013 jaki wybra\u0107?<\/h3>\n\n\n\n<p>To, jakie rega\u0142y przemys\u0142owe wybierzesz w celu zagospodarowania przestrzeni magazynowej lub do warsztatu, zale\u017cy od miejsca i&nbsp;sposobu przechowywania towar\u00f3w.<\/p>\n\n\n\n<p>Je\u015bli Twoje produkty s\u0105 przechowywane w pomieszczeniach, wybierz malowane metalowe rega\u0142y, kt\u00f3re s\u0105 \u0142atwe w utrzymaniu i&nbsp;atrakcyjnie wygl\u0105daj\u0105. Je\u015bli Twoje towary s\u0105 wystawiane na zewn\u0105trz, wybierz materia\u0142 ocynkowany, kt\u00f3ry jest odporny na warunki atmosferyczne i&nbsp;korozj\u0119.<\/p>\n\n\n\n<h2>Co nale\u017cy wzia\u0107 pod uwag\u0119, wybieraj\u0105c rega\u0142 magazynowy?<\/h2>\n\n\n\n<p>Wybory, kt\u00f3rych dokonujesz, je\u015bli chodzi o&nbsp;wyposa\u017cenie magazynu, <strong>maj\u0105 wp\u0142yw na \u201edobr\u0105 prac\u0119\u201d Twoich pracownik\u00f3w i&nbsp;produktywno\u015b\u0107 firmy. Przemys\u0142owe rozwi\u0105zania magazynowe musz\u0105 by\u0107 r\u00f3wnie\u017c zgodne z&nbsp;przepisami europejskimi.<\/strong><\/p>\n\n\n\n<h3>Rega\u0142y warsztatowe i&nbsp;magazynowe: odpowiednie rozplanowanie dla dobrego samopoczucia w miejscu pracy<\/h3>\n\n\n\n<p>Odpowiednie rega\u0142y przemys\u0142owe i&nbsp;p\u00f3\u0142ki magazynowe przyczyniaj\u0105 si\u0119 do lepszego \u015brodowiska pracy dla za\u0142ogi. Opr\u00f3cz optymalizacji przestrzeni magazynowych i&nbsp;roboczych u\u0142atwiaj\u0105 zarz\u0105dzanie zapasami i&nbsp;obs\u0142ug\u0119 w magazynach. Rega\u0142y przemys\u0142owe s\u0105 zatem \u017ar\u00f3d\u0142em \u201edobrej pracy\u201d w magazynie. \u201eWell-working\u201d to poj\u0119cie, kt\u00f3re \u0142\u0105czy w sobie <strong>idee rozwoju osobistego i&nbsp;sprawnego funkcjonowania firmy<\/strong>.<\/p>\n\n\n\n<h3>Odpowiednie przechowywanie zwi\u0119ksza produktywno\u015b\u0107<\/h3>\n\n\n\n<p>Dobre zarz\u0105dzanie i&nbsp;odpowiedni sprz\u0119t sprawiaj\u0105, \u017ce Tw\u00f3j magazyn jest bardziej wydajny. Istnieje kilka \u015brodk\u00f3w, kt\u00f3re mo\u017cna wdro\u017cy\u0107 zar\u00f3wno na co dzie\u0144, jak i&nbsp;na d\u0142u\u017csz\u0105 met\u0119, aby poprawi\u0107 produktywno\u015b\u0107.<\/p>\n\n\n\n<p>Po pierwsze, odpowiedni uk\u0142ad rega\u0142\u00f3w optymalizuje zagospodarowanie przestrzeni magazynowej. Po&nbsp;drugie, procesy produkcji mo\u017cna optymalizowa\u0107 poprzez regularn\u0105 ocen\u0119 potrzeb i&nbsp;d\u0142ugoterminowe cele ich ulepszania.<\/p>\n\n\n\n<h3>Jakich standard\u00f3w nale\u017cy przestrzega\u0107 w odniesieniu do przechowywania?<\/h3>\n\n\n\n<p>Je\u015bli masz do czynienia z&nbsp;\u017cywno\u015bci\u0105 lub chemikaliami, zachowaj ostro\u017cno\u015b\u0107, aby przestrzega\u0107 przepis\u00f3w okre\u015blaj\u0105cych warunki przechowywania \u017cywno\u015bci w magazynie, zw\u0142aszcza na rynku europejskim, takich jak:<\/p>\n\n\n\n<p>&nbsp;\u2022 Standard \u017cywno\u015bci i\/lub system HACCP<a href=\"#_ftn1\" id=\"_ftnref1\">[1]<\/a> dla produkt\u00f3w spo\u017cywczych.<\/p>\n\n\n\n<p>&nbsp;\u2022 Certyfikacja ESD\/antystatyczna (EN 61340-5) dla produkt\u00f3w elektronicznych.<\/p>\n\n\n\n<p>&nbsp;\u2022 Certyfikacja palet EUR-EPAL dla produkt\u00f3w zgodnych ze standardowymi paletami europejskimi.<\/p>\n\n\n\n<p>We\u017a pod uwag\u0119 <a href=\"https:\/\/www.manutan.pl\/blog\/definicja-narzedzia-i-zalety-lean-management\/\" target=\"_blank\" rel=\"noreferrer noopener\">zasad\u0119 <strong>Lean Management<\/strong><\/a><a id=\"_ftnref2\" href=\"#_ftn2\">[2]<\/a>. W\u0142a\u015bciwy sprz\u0119t przemys\u0142owy dla Twojej firmy oszcz\u0119dza czas i&nbsp;miejsce. Nie zapomnij o&nbsp;kolorze i&nbsp;akcesoriach uzupe\u0142niaj\u0105cych (etykiety, wieczka, przek\u0142adki itp.). Liczy si\u0119 ka\u017cdy szczeg\u00f3\u0142.<\/p>\n\n\n\n<figure class=\"wp-block-image size-full\"><img decoding=\"async\" loading=\"lazy\" width=\"1024\" height=\"683\" src=\"https:\/\/www.manutan.pl\/blog\/wp-content\/uploads\/2022\/08\/SAV2206003PIC2-1.webp\" alt=\"Rega\u0142y przemys\u0142owe Manutan\" class=\"wp-image-1945\" srcset=\"https:\/\/www.manutan.pl\/blog\/wp-content\/uploads\/2022\/08\/SAV2206003PIC2-1.webp 1024w, https:\/\/www.manutan.pl\/blog\/wp-content\/uploads\/2022\/08\/SAV2206003PIC2-1-300x200.webp 300w, https:\/\/www.manutan.pl\/blog\/wp-content\/uploads\/2022\/08\/SAV2206003PIC2-1-768x512.webp 768w\" sizes=\"(max-width: 1024px) 100vw, 1024px\" \/><\/figure>\n\n\n\n<h2>Jakie rega\u0142y magazynowe i&nbsp;warsztatowe Manutan wybra\u0107?<\/h2>\n\n\n\n<p>Potrzebujesz rega\u0142\u00f3w dostosowanych do specyfiki Twojego biznesu? Manutan oferuje szerok\u0105 gam\u0119 produkt\u00f3w. Opracowali\u015bmy gam\u0119 solidnych i&nbsp;wszechstronnych przemys\u0142owych rega\u0142\u00f3w magazynowych. Nasze rega\u0142y warsztatowe i&nbsp;rega\u0142y przemys\u0142owe <a href=\"https:\/\/www.manutan.pl\/blog\/made-in-europe-jakie-sa-korzysci-dla-firm-i-klientow\/\" target=\"_blank\" rel=\"noreferrer noopener\">produkowane s\u0105 na terenie Unii Europejskiej<\/a> i&nbsp;maj\u0105 10 lat gwarancji.<\/p>\n\n\n\n<p>Korzystaj\u0105c z&nbsp;konfigurator\u00f3w online, mo\u017cesz stworzy\u0107 w\u0142asne, dostosowane do swoich potrzeb rega\u0142y magazynowe, okre\u015blaj\u0105c wymiary, liczb\u0119 poziom\u00f3w i&nbsp;p\u00f3\u0142ek, wyko\u0144czenia itp. Dost\u0119pne s\u0105 r\u00f3wnie\u017c specjalne rega\u0142y gara\u017cowe na opony lub rega\u0142y z&nbsp;pojemnikami na butelki i&nbsp;puszki.<\/p>\n\n\n\n<h3>Lekkie p\u00f3\u0142ki magazynowe<\/h3>\n\n\n\n<p>Lekkie p\u00f3\u0142ki magazynowe Manutan s\u0105 przystosowane do obs\u0142ugi do 300&nbsp;kg na poziom, zapewniaj\u0105c r\u00f3wnomierne roz\u0142o\u017cenie obci\u0105\u017cenia na ka\u017cdej p\u00f3\u0142ce. Mo\u017cesz wybiera\u0107 spo\u015br\u00f3d kilku kolor\u00f3w, od wyko\u0144czenia farb\u0105 epoksydow\u0105 (antracyt lub niebieski) po&nbsp;wyko\u0144czenie ze stali ocynkowanej.<\/p>\n\n\n\n<p>Ten rega\u0142 przemys\u0142owy dost\u0119pny jest w kilku wariantach:<\/p>\n\n\n\n<p>&nbsp;\u2022 od 2 do 15 poziom\u00f3w magazynowych;<\/p>\n\n\n\n<p>&nbsp;\u2022 od 500 mm do 3000 mm wysoko\u015bci;<\/p>\n\n\n\n<p>&nbsp;\u2022 od 400 mm do 1600 mm szeroko\u015bci;<\/p>\n\n\n\n<p>&nbsp;\u2022 g\u0142\u0119boko\u015b\u0107 od 300 mm do 800 mm;<\/p>\n\n\n\n<p>&nbsp;\u2022 p\u00f3\u0142ki z&nbsp;siatki drucianej lub p\u0142yty wi\u00f3rowej.<\/p>\n\n\n\n<p>Rozmiar p\u00f3\u0142ki do lekkich obci\u0105\u017ce\u0144 pozwala wybra\u0107 najbardziej odpowiedni\u0105 konfiguracj\u0119 do miejsca przechowywania. Wybierz ekopakiet, zestaw 4 lekkich rega\u0142\u00f3w, aby zmniejszy\u0107 wydatki poprzez racjonalizacj\u0119 koszt\u00f3w zakupu rega\u0142\u00f3w.<\/p>\n\n\n\n<h3>Rega\u0142y magazynowe przystosowane do \u015brednich obci\u0105\u017ce\u0144<\/h3>\n\n\n\n<p>Ten rega\u0142 przemys\u0142owy <strong>oferuje du\u017c\u0105 stabilno\u015b\u0107 i&nbsp;wiele mo\u017cliwo\u015bci konfiguracji<\/strong> dzi\u0119ki szerokiej gamie dost\u0119pnych konstrukcji i&nbsp;akcesori\u00f3w. Rega\u0142y przemys\u0142owe Manutan do \u015brednich obci\u0105\u017ce\u0144 s\u0105 przeznaczone do obci\u0105\u017cenia od 300&nbsp;kg do 700&nbsp;kg na p\u00f3\u0142k\u0119.<\/p>\n\n\n\n<p>Mo\u017cesz wybra\u0107 rega\u0142y do \u015brednich obci\u0105\u017ce\u0144 na podstawie <strong>kilku parametr\u00f3w<\/strong>:<\/p>\n\n\n\n<p>&nbsp;\u2022 od 3 do 6 poziom\u00f3w sk\u0142adowania;<\/p>\n\n\n\n<p>&nbsp;\u2022 od 900 mm do 3000 mm wysoko\u015bci;<\/p>\n\n\n\n<p>&nbsp;\u2022 od 900 mm do 2500 mm szeroko\u015bci;<\/p>\n\n\n\n<p>&nbsp;\u2022 od 300 mm do 1000 mm g\u0142\u0119boko\u015bci;<\/p>\n\n\n\n<p>&nbsp;\u2022 p\u00f3\u0142ki z&nbsp;p\u0142yty wi\u00f3rowej, metalu lub melaminy<\/p>\n\n\n\n<p><a><\/a>Mo\u017cesz wybra\u0107 pomi\u0119dzy <strong>wyko\u0144czeniem farb\u0105 epoksydow\u0105 (niebieska lub jasnoszara) lub stal\u0105 ocynkowan\u0105<\/strong>.<\/p>\n\n\n\n<h3>Rega\u0142y magazynowe przystosowane do du\u017cych obci\u0105\u017ce\u0144<\/h3>\n\n\n\n<p>Solidne rega\u0142y magazynowe Manutan, takie jak rega\u0142y paletowe, s\u0105 <strong>przeznaczone do obs\u0142ugi ci\u0119\u017ckich i&nbsp;bardzo ci\u0119\u017ckich \u0142adunk\u00f3w<\/strong>. Nadaj\u0105 si\u0119 do takich sektor\u00f3w jak logistyka, transport, dystrybucja masowa, produkcja i&nbsp;metaloplastyka.<\/p>\n\n\n\n<p>Wybierz sw\u00f3j rega\u0142 przemys\u0142owy spo\u015br\u00f3d opcji dost\u0119pnych w gamie rega\u0142\u00f3w do du\u017cych obci\u0105\u017ce\u0144 Manutan:<\/p>\n\n\n\n<p>&nbsp;\u2022 od 3 do 6 poziom\u00f3w sk\u0142adowania;<\/p>\n\n\n\n<p>&nbsp;\u2022 od 1980 mm do 2440 mm wysoko\u015bci;<\/p>\n\n\n\n<p>&nbsp;\u2022 od 1525 mm do 2440 mm szeroko\u015bci;<\/p>\n\n\n\n<p>&nbsp;\u2022 od 455 mm do 915 mm g\u0142\u0119boko\u015bci;<\/p>\n\n\n\n<p>&nbsp;\u2022 p\u00f3\u0142ki z&nbsp;p\u0142yty wi\u00f3rowej, metalu, melaminy lub siatki drucianej.<\/p>\n\n\n\n<p>Wyko\u0144czenie galwanizowane lub epoksydowe (jasnoszare lub niebieskie) zapewnia <strong>dobr\u0105 odporno\u015b\u0107 na uderzenia i&nbsp;r\u00f3\u017cne warunki przechowywania<\/strong>.<\/p>\n\n\n\n<h3>Rega\u0142y przemys\u0142owe do zada\u0144 specjalnych<\/h3>\n\n\n\n<p>Specjalny rega\u0142 na opony, wyprodukowany we Francji, zapewnia odporno\u015b\u0107 i&nbsp;trwa\u0142o\u015b\u0107. Rega\u0142 ten jest stabilny i&nbsp;trwa\u0142y oraz mo\u017ce obs\u0142ugiwa\u0107 \u015brednie i&nbsp;du\u017ce obci\u0105\u017cenia.<\/p>\n\n\n\n<p><a href=\"https:\/\/www.manutan.pl\/pl\/mpl\/regal-druciany-z-wannami-wychwytowymi-manutan-1674-%C3%97-914-%C3%97-457-mm\" target=\"_blank\" rel=\"noreferrer noopener\">Rega\u0142y retencyjne Manutan<\/a> s\u0105 wyposa\u017cone w <strong>10-litrowe pojemniki wykonane z&nbsp;materia\u0142u, kt\u00f3ry jest przystosowany do kontaktu z&nbsp;agresywnymi i&nbsp;\u017cr\u0105cymi chemikaliami<\/strong>. Rega\u0142y te s\u0142u\u017c\u0105 do przechowywania, organizacji i&nbsp;transportu podatnych na wycieki pojemnik\u00f3w z&nbsp;p\u0142ynami. S\u0105 specjalnie zaprojektowane, aby chroni\u0107 Twoich pracownik\u00f3w przed zagro\u017ceniami zwi\u0105zanymi z&nbsp;przechowywaniem chemikali\u00f3w. Przyjazna dla u\u017cytkownika konstrukcja pojemnik\u00f3w zapobiega wypadkom w przypadku wycieku i&nbsp;u\u0142atwia ich obs\u0142ug\u0119 podczas transportu.<\/p>\n\n\n\n<p>Manutan oferuje r\u00f3wnie\u017c rega\u0142y zaprojektowane z&nbsp;my\u015bl\u0105 o&nbsp;\u015brodowisku biurowym. Rega\u0142y do archiwum s\u0105 specjalnie zaprojektowane do organizowania i&nbsp;zabezpieczania plik\u00f3w w pude\u0142kach archiwalnych. Dziel\u0105 si\u0119 na dwie kategorie, rega\u0142y sta\u0142e i&nbsp;mobilne.<\/p>\n\n\n\n<p><strong>Wybierz jako\u015b\u0107 i&nbsp;prostot\u0119 w rozs\u0105dnej cenie z&nbsp;mark\u0105 Manutan. Skorzystaj z&nbsp;10-letniej gwarancji na wszystkie nasze produkty (3 lata na materia\u0142y eksploatacyjne) oraz us\u0142ug dodatkowych, takich jak instalacja\/monta\u017c i&nbsp;bezp\u0142atne zwroty.<\/strong><\/p>\n\n\n\n<p>Teraz masz wszystkie narz\u0119dzia, kt\u00f3rych potrzebujesz, aby zoptymalizowa\u0107 przestrze\u0144 i&nbsp;wydajno\u015b\u0107 w swoim magazynie. Mo\u017cesz dowiedzie\u0107 si\u0119 wi\u0119cej o&nbsp;asortymencie z&nbsp;kategorii \u201e<a href=\"https:\/\/accessprooffice-my.sharepoint.com\/:w:\/g\/personal\/p_ruminski_accesspro_pl\/EZHVRosMmXxFpJ5dhK0NZjcBk0l705dgNhoJqIYFtDJR0g\" target=\"_blank\" rel=\"noreferrer noopener\">Rega\u0142y p\u00f3\u0142kowe i&nbsp;specjalne<\/a>\u201d marki Manutan.<\/p>\n\n\n\n<hr class=\"wp-block-separator has-alpha-channel-opacity\" \/>\n\n\n\n<p><a href=\"#_ftnref1\" id=\"_ftn1\">[1]<\/a> <em>Hazard Analysis Critical Control Point<\/em><em><\/em><\/p>\n\n\n\n<p><a href=\"#_ftnref2\" id=\"_ftn2\">[2]<\/a> Lean Management to metoda zarz\u0105dzania produkcj\u0105, <a><\/a>kt\u00f3ra charakteryzuje si\u0119 d\u0105\u017ceniem do wydajno\u015bci pod wzgl\u0119dem wydajno\u015bci, jako\u015bci, termin\u00f3w i&nbsp;koszt\u00f3w w celu poprawy og\u00f3lnej warto\u015bci dla klienta.<\/p>\n","protected":false},"excerpt":{"rendered":"<p>Firma Manutan opracowa\u0142a gam\u0119 produkt\u00f3w, kt\u00f3re zapewniaj\u0105 wszechstronne i&nbsp;przyjazne dla u\u017cytkownika rozwi\u0105zania dla firm. Sprawd\u017a nasz kompletny przewodnik!<\/p>\n","protected":false},"author":5,"featured_media":1946,"comment_status":"closed","ping_status":"closed","sticky":false,"template":"","format":"standard","meta":[],"categories":[201,341],"tags":[151,305],"jetpack_featured_media_url":"https:\/\/www.manutan.pl\/blog\/wp-content\/uploads\/2022\/08\/SAV2206003PIC1-1.webp","_links":{"self":[{"href":"https:\/\/www.manutan.pl\/blog\/wp-json\/wp\/v2\/posts\/1944"}],"collection":[{"href":"https:\/\/www.manutan.pl\/blog\/wp-json\/wp\/v2\/posts"}],"about":[{"href":"https:\/\/www.manutan.pl\/blog\/wp-json\/wp\/v2\/types\/post"}],"author":[{"embeddable":true,"href":"https:\/\/www.manutan.pl\/blog\/wp-json\/wp\/v2\/users\/5"}],"replies":[{"embeddable":true,"href":"https:\/\/www.manutan.pl\/blog\/wp-json\/wp\/v2\/comments?post=1944"}],"version-history":[{"count":2,"href":"https:\/\/www.manutan.pl\/blog\/wp-json\/wp\/v2\/posts\/1944\/revisions"}],"predecessor-version":[{"id":1961,"href":"https:\/\/www.manutan.pl\/blog\/wp-json\/wp\/v2\/posts\/1944\/revisions\/1961"}],"wp:featuredmedia":[{"embeddable":true,"href":"https:\/\/www.manutan.pl\/blog\/wp-json\/wp\/v2\/media\/1946"}],"wp:attachment":[{"href":"https:\/\/www.manutan.pl\/blog\/wp-json\/wp\/v2\/media?parent=1944"}],"wp:term":[{"taxonomy":"category","embeddable":true,"href":"https:\/\/www.manutan.pl\/blog\/wp-json\/wp\/v2\/categories?post=1944"},{"taxonomy":"post_tag","embeddable":true,"href":"https:\/\/www.manutan.pl\/blog\/wp-json\/wp\/v2\/tags?post=1944"}],"curies":[{"name":"wp","href":"https:\/\/api.w.org\/{rel}","templated":true}]}}