{"id":2303,"date":"2023-05-12T11:03:17","date_gmt":"2023-05-12T09:03:17","guid":{"rendered":"https:\/\/www.manutan.pl\/blog\/?p=2303"},"modified":"2023-05-12T11:03:18","modified_gmt":"2023-05-12T09:03:18","slug":"poradnik-wyboru-odpowiednich-mebli-zewnetrznych-dla-swojej-firmy","status":"publish","type":"post","link":"https:\/\/www.manutan.pl\/blog\/poradnik-wyboru-odpowiednich-mebli-zewnetrznych-dla-swojej-firmy\/","title":{"rendered":"Jak wybra\u0107 meble zewn\u0119trzne, w tym meble ogrodowe outdoor, dla swojej firmy"},"content":{"rendered":"\n<figure class=\"wp-block-image size-full\"><img decoding=\"async\" loading=\"lazy\" width=\"1024\" height=\"683\" src=\"https:\/\/www.manutan.pl\/blog\/wp-content\/uploads\/2023\/05\/jakie-meble-zewnetrzne-do-firmy.jpg\" alt=\"jakie meble zewn\u0119trzne do firmy kupi\u0107\" class=\"wp-image-2304\" srcset=\"https:\/\/www.manutan.pl\/blog\/wp-content\/uploads\/2023\/05\/jakie-meble-zewnetrzne-do-firmy.jpg 1024w, https:\/\/www.manutan.pl\/blog\/wp-content\/uploads\/2023\/05\/jakie-meble-zewnetrzne-do-firmy-300x200.jpg 300w, https:\/\/www.manutan.pl\/blog\/wp-content\/uploads\/2023\/05\/jakie-meble-zewnetrzne-do-firmy-768x512.jpg 768w\" sizes=\"(max-width: 1024px) 100vw, 1024px\" \/><\/figure>\n\n\n\n<h2>Podstawowa zasada: zadbaj o&nbsp;dobr\u0105 nawigacj\u0119<\/h2>\n\n\n\n<p>Jeszcze zanim zaczniesz wybiera\u0107 meble ogrodowe zewn\u0119trzne, zadbaj o&nbsp;dobre oznaczenie drogi po&nbsp;terenie Twojej firmy dla odwiedzaj\u0105cych j\u0105 go\u015bci. By\u0107 mo\u017ce znasz to uczucie, kiedy spieszysz si\u0119 na spotkanie s\u0142u\u017cbowe i&nbsp;przed wej\u015bciem do siedziby firmy nie jeste\u015b pewien: \u201eCzy dobrze trafi\u0142em? Gdzie mam teraz i\u015b\u0107? I&nbsp;czy mog\u0119 zostawi\u0107 tutaj rower?\u201d.<\/p>\n\n\n\n<p>Masz tylko jedn\u0105 szans\u0119, \u017ceby zrobi\u0107 dobre pierwsze wra\u017cenie, a&nbsp;zapewnisz je sobie, je\u015bli pomo\u017cesz odwiedzaj\u0105cym \u0142atwo znale\u017a\u0107 drog\u0119 do odpowiednich miejsc. Dlatego wyobra\u017a sobie, \u017ce jeste\u015b tu po&nbsp;raz pierwszy i&nbsp;przejd\u017a od bramy prowadz\u0105cej do siedziby Twojej firmy lub najbli\u017cszej okolicy do wej\u015bcia do budynku. Wsz\u0119dzie tam, gdzie odwiedzaj\u0105cy mog\u0105 by\u0107 niepewni, jak i\u015b\u0107, umie\u015b\u0107 jasne informacje, dok\u0105d dalej si\u0119 uda\u0107.<\/p>\n\n\n\n<p>Pomog\u0105 Ci w tym produkty Manutan:<\/p>\n\n\n\n<figure class=\"is-layout-flex wp-block-gallery-1 wp-block-gallery has-nested-images columns-default is-cropped\">\n<figure class=\"wp-block-image size-large\"><img decoding=\"async\" loading=\"lazy\" width=\"500\" height=\"500\" data-id=\"2305\"  src=\"https:\/\/www.manutan.pl\/blog\/wp-content\/uploads\/2023\/05\/AIG3962016.jpg\" alt=\"AIG3962016\" class=\"wp-image-2305\" srcset=\"https:\/\/www.manutan.pl\/blog\/wp-content\/uploads\/2023\/05\/AIG3962016.jpg 500w, https:\/\/www.manutan.pl\/blog\/wp-content\/uploads\/2023\/05\/AIG3962016-300x300.jpg 300w, https:\/\/www.manutan.pl\/blog\/wp-content\/uploads\/2023\/05\/AIG3962016-150x150.jpg 150w\" sizes=\"(max-width: 500px) 100vw, 500px\" \/><figcaption class=\"wp-element-caption\"><a href=\"https:\/\/www.manutan.pl\/pl\/mpl\/stojaki-reklamowe-windtalker-city-11340344mr\">Stojaki reklamowe Windtalker City<\/a><\/figcaption><\/figure>\n\n\n\n<figure class=\"wp-block-image size-large\"><img decoding=\"async\" loading=\"lazy\" width=\"500\" height=\"500\" data-id=\"2306\"  src=\"https:\/\/www.manutan.pl\/blog\/wp-content\/uploads\/2023\/05\/AIG2741644.jpg\" alt=\"AIG2741644\" class=\"wp-image-2306\" srcset=\"https:\/\/www.manutan.pl\/blog\/wp-content\/uploads\/2023\/05\/AIG2741644.jpg 500w, https:\/\/www.manutan.pl\/blog\/wp-content\/uploads\/2023\/05\/AIG2741644-300x300.jpg 300w, https:\/\/www.manutan.pl\/blog\/wp-content\/uploads\/2023\/05\/AIG2741644-150x150.jpg 150w\" sizes=\"(max-width: 500px) 100vw, 500px\" \/><figcaption class=\"wp-element-caption\"><a href=\"https:\/\/www.manutan.pl\/pl\/mpl\/wodoodporne-stojaki-reklamowe-typu-a-p32-zaokraglone-rogi-1134112\">Wodoodporne stojaki reklamowe typu A&nbsp;P32 z&nbsp;zaokr\u0105glonymi rogami<\/a><\/figcaption><\/figure>\n\n\n\n<figure class=\"wp-block-image size-large\"><img decoding=\"async\" loading=\"lazy\" width=\"500\" height=\"500\" data-id=\"2307\"  src=\"https:\/\/www.manutan.pl\/blog\/wp-content\/uploads\/2023\/05\/AIG4083858.jpg\" alt=\"AIG4083858\" class=\"wp-image-2307\" srcset=\"https:\/\/www.manutan.pl\/blog\/wp-content\/uploads\/2023\/05\/AIG4083858.jpg 500w, https:\/\/www.manutan.pl\/blog\/wp-content\/uploads\/2023\/05\/AIG4083858-300x300.jpg 300w, https:\/\/www.manutan.pl\/blog\/wp-content\/uploads\/2023\/05\/AIG4083858-150x150.jpg 150w\" sizes=\"(max-width: 500px) 100vw, 500px\" \/><figcaption class=\"wp-element-caption\"><a href=\"https:\/\/www.manutan.pl\/pl\/mpl\/trojstronne-stojaki-reklamowe-opengate-1134123\">Tr\u00f3jstronne stojaki reklamowe Opengate<\/a><\/figcaption><\/figure>\n<\/figure>\n\n\n\n<h3>Zr\u00f3b miejsce dla rowerzyst\u00f3w i&nbsp;chro\u0144 zaparkowane rowery<\/h3>\n\n\n\n<p>Coraz wi\u0119cej os\u00f3b doje\u017cd\u017ca do pracy rowerem dla zdrowia i&nbsp;ze wzgl\u0119du na wygodne i&nbsp;szybkie przemieszczanie si\u0119 w wi\u0119kszych miastach. Nierzadko zdarza si\u0119, \u017ce panowie w garniturach lub panie w garsonkach przyje\u017cd\u017caj\u0105 na spotkanie biznesowe na rowerze lub hulajnodze.<\/p>\n\n\n\n<p>Zrobisz na nich bardzo dobre wra\u017cenie, gdy od razu na wej\u015bciu przekonaj\u0105 si\u0119, \u017ce ich \u015brodek transportu (i&nbsp;w pewnym sensie cz\u0119\u015b\u0107 ich stylu \u017cycia) jest mile widziany. Dlatego nie zapomnij o:<\/p>\n\n\n\n<ul>\n<li>stojakach, kt\u00f3re pos\u0142u\u017c\u0105 do rower\u00f3w miejskich i&nbsp;terenowych z&nbsp;szerokimi oponami,<\/li>\n\n\n\n<li>wiatach chroni\u0105cych rowery i&nbsp;hulajnogi przed deszczem,<\/li>\n\n\n\n<li>wspornikach, na kt\u00f3rych mo\u017cna zawiesi\u0107 rower.<\/li>\n<\/ul>\n\n\n\n<p>W Manutan znajdziesz takie produkty jak:<\/p>\n\n\n\n<figure class=\"is-layout-flex wp-block-gallery-3 wp-block-gallery has-nested-images columns-default is-cropped\">\n<figure class=\"wp-block-image size-large\"><img decoding=\"async\" loading=\"lazy\" width=\"500\" height=\"500\" data-id=\"2308\"  src=\"https:\/\/www.manutan.pl\/blog\/wp-content\/uploads\/2023\/05\/AIG2750415.jpg\" alt=\"AIG2750415\" class=\"wp-image-2308\" srcset=\"https:\/\/www.manutan.pl\/blog\/wp-content\/uploads\/2023\/05\/AIG2750415.jpg 500w, https:\/\/www.manutan.pl\/blog\/wp-content\/uploads\/2023\/05\/AIG2750415-300x300.jpg 300w, https:\/\/www.manutan.pl\/blog\/wp-content\/uploads\/2023\/05\/AIG2750415-150x150.jpg 150w\" sizes=\"(max-width: 500px) 100vw, 500px\" \/><figcaption class=\"wp-element-caption\"><a href=\"https:\/\/www.manutan.pl\/pl\/mpl\/stojak-zewnetrzny-scienny-na-rowery-maurice-na-5-rowerow-842003\">Stojak zewn\u0119trzny \u015bcienny na rowery Maurice, na 5 rower\u00f3w<\/a><\/figcaption><\/figure>\n\n\n\n<figure class=\"wp-block-image size-large\"><img decoding=\"async\" loading=\"lazy\" width=\"500\" height=\"500\" data-id=\"2309\"  src=\"https:\/\/www.manutan.pl\/blog\/wp-content\/uploads\/2023\/05\/AIG2732158.jpg\" alt=\"AIG2732158\" class=\"wp-image-2309\" srcset=\"https:\/\/www.manutan.pl\/blog\/wp-content\/uploads\/2023\/05\/AIG2732158.jpg 500w, https:\/\/www.manutan.pl\/blog\/wp-content\/uploads\/2023\/05\/AIG2732158-300x300.jpg 300w, https:\/\/www.manutan.pl\/blog\/wp-content\/uploads\/2023\/05\/AIG2732158-150x150.jpg 150w\" sizes=\"(max-width: 500px) 100vw, 500px\" \/><figcaption class=\"wp-element-caption\"><a href=\"https:\/\/www.manutan.pl\/pl\/mpl\/stojak-wiszacy-na-rowery-miguel-manutan-na-5-rowerow-150990\">Stojak wisz\u0105cy na rowery Miguel Manutan, na 5 rower\u00f3w<\/a><\/figcaption><\/figure>\n\n\n\n<figure class=\"wp-block-image size-large\"><img decoding=\"async\" loading=\"lazy\" width=\"500\" height=\"500\" data-id=\"2310\"  src=\"https:\/\/www.manutan.pl\/blog\/wp-content\/uploads\/2023\/05\/AIG4331217.jpg\" alt=\"AIG4331217\" class=\"wp-image-2310\" srcset=\"https:\/\/www.manutan.pl\/blog\/wp-content\/uploads\/2023\/05\/AIG4331217.jpg 500w, https:\/\/www.manutan.pl\/blog\/wp-content\/uploads\/2023\/05\/AIG4331217-300x300.jpg 300w, https:\/\/www.manutan.pl\/blog\/wp-content\/uploads\/2023\/05\/AIG4331217-150x150.jpg 150w\" sizes=\"(max-width: 500px) 100vw, 500px\" \/><figcaption class=\"wp-element-caption\"><a href=\"https:\/\/www.manutan.pl\/pl\/mpl\/wiata-kryta-manutan-151239\">Wiata kryta Manutan \u2013 mo\u017ce pe\u0142ni\u0107 funkcj\u0119 palarni lub poczekalni<\/a><\/figcaption><\/figure>\n<\/figure>\n\n\n\n<h2>Meble zewn\u0119trzne dla firmy<\/h2>\n\n\n\n<p>W ka\u017cdej firmie czy instytucji przychodzi czas, kiedy pracownicy i&nbsp;go\u015bcie chc\u0105 zaczerpn\u0105\u0107 \u015bwie\u017cego powietrza oraz s\u0142onecznej energii, a&nbsp;tak\u017ce zje\u015b\u0107 posi\u0142ek na \u015bwie\u017cym powietrzu. Najlepiej nadaj\u0105 si\u0119 do tego outdoor meble ogrodowe i&nbsp;meble kawiarniane zewn\u0119trzne ustawione przed wej\u015bciem do budynku g\u0142\u00f3wnego, a&nbsp;tak\u017ce \u0142awki rozmieszczone wok\u00f3\u0142 terenu firmy.<\/p>\n\n\n\n<p>Wybieraj\u0105c miejsca do siedzenia na zewn\u0105trz, we\u017a pod uwag\u0119 nast\u0119puj\u0105ce kwestie:<\/p>\n\n\n\n<ul>\n<li>czy meble ogrodowe b\u0119d\u0105 na zewn\u0105trz, czy pod zadaszeniem,<\/li>\n\n\n\n<li>czy b\u0119d\u0105 na zewn\u0105trz przez ca\u0142y rok,<\/li>\n\n\n\n<li>czy masz odpowiednie zaplecze magazynowe do ich przechowywania zim\u0105.<\/li>\n<\/ul>\n\n\n\n<p>Wszystko to pomo\u017ce Ci podj\u0105\u0107 w\u0142a\u015bciw\u0105 decyzj\u0119 o&nbsp;wyborze rodzaju i&nbsp;materia\u0142u w przypadku takich akcesori\u00f3w jak sto\u0142y zewn\u0119trzne, stoliki zewn\u0119trzne, krzes\u0142a zewn\u0119trzne czy fotel outdoor.<\/p>\n\n\n\n<p>Je\u015bli teren Twojej firmy nie jest zamkni\u0119ty i&nbsp;strze\u017cony, wybierz produkty z&nbsp;mo\u017cliwo\u015bci\u0105 zakotwienia w gruncie. S\u0105 bardziej stabilne i&nbsp;mniej atrakcyjne dla z\u0142odziei.<\/p>\n\n\n\n<p>Dobrym wyborem b\u0119d\u0105 meble outdoor Manutan:<\/p>\n\n\n\n<figure class=\"is-layout-flex wp-block-gallery-5 wp-block-gallery has-nested-images columns-default is-cropped\">\n<figure class=\"wp-block-image size-large\"><img decoding=\"async\" loading=\"lazy\" width=\"500\" height=\"500\" data-id=\"2317\"  src=\"https:\/\/www.manutan.pl\/blog\/wp-content\/uploads\/2023\/05\/AIG2731887.jpg\" alt=\"AIG2731887\" class=\"wp-image-2317\" srcset=\"https:\/\/www.manutan.pl\/blog\/wp-content\/uploads\/2023\/05\/AIG2731887.jpg 500w, https:\/\/www.manutan.pl\/blog\/wp-content\/uploads\/2023\/05\/AIG2731887-300x300.jpg 300w, https:\/\/www.manutan.pl\/blog\/wp-content\/uploads\/2023\/05\/AIG2731887-150x150.jpg 150w\" sizes=\"(max-width: 500px) 100vw, 500px\" \/><figcaption class=\"wp-element-caption\"><a href=\"https:\/\/www.manutan.pl\/pl\/mpl\/drewniany-stol-ogrodowy-miguel-682053\">Drewniany st\u00f3\u0142 ogrodowy Miguel<\/a> \u2013 Parkowy st\u00f3\u0142 piknikowy z&nbsp;ocynkowan\u0105 konstrukcj\u0105 metalow\u0105 i&nbsp;drewnian\u0105 p\u0142yt\u0105 pokryt\u0105 lakierem lazuruj\u0105cym. Mo\u017cliwo\u015b\u0107 zamocowania w pod\u0142o\u017cu<\/figcaption><\/figure>\n\n\n\n<figure class=\"wp-block-image size-large\"><img decoding=\"async\" loading=\"lazy\" width=\"500\" height=\"500\" data-id=\"2318\"  src=\"https:\/\/www.manutan.pl\/blog\/wp-content\/uploads\/2023\/05\/AIG4044852.jpg\" alt=\"AIG4044852\" class=\"wp-image-2318\" srcset=\"https:\/\/www.manutan.pl\/blog\/wp-content\/uploads\/2023\/05\/AIG4044852.jpg 500w, https:\/\/www.manutan.pl\/blog\/wp-content\/uploads\/2023\/05\/AIG4044852-300x300.jpg 300w, https:\/\/www.manutan.pl\/blog\/wp-content\/uploads\/2023\/05\/AIG4044852-150x150.jpg 150w\" sizes=\"(max-width: 500px) 100vw, 500px\" \/><figcaption class=\"wp-element-caption\"><a href=\"https:\/\/www.manutan.pl\/pl\/mpl\/lawka-parkowa-modern-1213011\">\u0141awka parkowa Modern<\/a><\/figcaption><\/figure>\n<\/figure>\n\n\n\n<figure class=\"is-layout-flex wp-block-gallery-7 wp-block-gallery has-nested-images columns-default is-cropped\">\n<figure class=\"wp-block-image size-large\"><img decoding=\"async\" loading=\"lazy\" width=\"500\" height=\"500\" data-id=\"2319\"  src=\"https:\/\/www.manutan.pl\/blog\/wp-content\/uploads\/2023\/05\/AIG2898560.jpg\" alt=\"AIG2898560\" class=\"wp-image-2319\" srcset=\"https:\/\/www.manutan.pl\/blog\/wp-content\/uploads\/2023\/05\/AIG2898560.jpg 500w, https:\/\/www.manutan.pl\/blog\/wp-content\/uploads\/2023\/05\/AIG2898560-300x300.jpg 300w, https:\/\/www.manutan.pl\/blog\/wp-content\/uploads\/2023\/05\/AIG2898560-150x150.jpg 150w\" sizes=\"(max-width: 500px) 100vw, 500px\" \/><figcaption class=\"wp-element-caption\"><a href=\"https:\/\/www.manutan.pl\/pl\/mpl\/zestaw-do-piwa-fern-682041\">Zestaw do piwa Fern<\/a> \u2013 Zestaw sk\u0142adaj\u0105cy si\u0119 ze sto\u0142u i&nbsp;dw\u00f3ch \u0142aw. Stalowa konstrukcja z&nbsp;rur ocynkowanych ogniowo. Siedziska i&nbsp;blat sto\u0142u z&nbsp;drewna \u015bwierkowego pokrytego lakierem lazuruj\u0105cym w odcieniu teak. W blacie znajduje si\u0119 otw\u00f3r do umieszczenia parasola<\/figcaption><\/figure>\n\n\n\n<figure class=\"wp-block-image size-large\"><img decoding=\"async\" loading=\"lazy\" width=\"500\" height=\"500\" data-id=\"2320\"  src=\"https:\/\/www.manutan.pl\/blog\/wp-content\/uploads\/2023\/05\/AIG5944909.jpg\" alt=\"AIG5944909\" class=\"wp-image-2320\" srcset=\"https:\/\/www.manutan.pl\/blog\/wp-content\/uploads\/2023\/05\/AIG5944909.jpg 500w, https:\/\/www.manutan.pl\/blog\/wp-content\/uploads\/2023\/05\/AIG5944909-300x300.jpg 300w, https:\/\/www.manutan.pl\/blog\/wp-content\/uploads\/2023\/05\/AIG5944909-150x150.jpg 150w\" sizes=\"(max-width: 500px) 100vw, 500px\" \/><figcaption class=\"wp-element-caption\"><a href=\"https:\/\/www.manutan.pl\/pl\/mpl\/stol-piknikowy-manutan-borovice-ztp-1501984\">St\u00f3\u0142 piknikowy Manutan Borovice ZTP<\/a> &#8211; St\u00f3\u0142 piknikowy Manutan dostosowany do potrzeb os\u00f3b z&nbsp;niepe\u0142nosprawno\u015bci\u0105 ruchow\u0105; w\u00f3zek inwalidzki mo\u017cna wygodnie dostawi\u0107 do przed\u0142u\u017conego blatu sto\u0142u<\/figcaption><\/figure>\n<\/figure>\n\n\n\n<h2>Pami\u0119taj o&nbsp;porz\u0105dku i&nbsp;higienie<\/h2>\n\n\n\n<p>Nawet je\u015bli miejsca na zewn\u0105trz nie s\u0105 wykorzystywane g\u0142\u00f3wnie podczas przerwy na papierosa, od czasu do czasu ka\u017cdy musi wyrzuci\u0107 butelk\u0119, opakowanie po&nbsp;cukierku lub bagietce albo niedopa\u0142ek. Dlatego pomy\u015bl o&nbsp;wystarczaj\u0105cej liczbie koszy na \u015bmieci, tak\u017ce tych na odpady segregowane.<\/p>\n\n\n\n<p>Jednocze\u015bnie unikaj instalowania koszy w bezpo\u015brednim s\u0105siedztwie \u0142awek. Wydaje si\u0119 to logiczne: siadasz, jesz przek\u0105sk\u0119 i&nbsp;musisz pozby\u0107 si\u0119 opakowania. Ale zw\u0142aszcza latem wystarczy chwila, a&nbsp;kilka sk\u00f3rek od banana i&nbsp;ogryzk\u00f3w jab\u0142ka stworzy nieatrakcyjn\u0105 mieszank\u0119 zapach\u00f3w, obok kt\u00f3rej nie chce si\u0119 siedzie\u0107.<\/p>\n\n\n\n<p>Dlatego upewnij si\u0119, \u017ce kosze b\u0119d\u0105:<\/p>\n\n\n\n<ul>\n<li>w wystarczaj\u0105cej ilo\u015bci,<\/li>\n\n\n\n<li>co najmniej p\u00f3\u0142tora metra od \u0142awki, ale jednocze\u015bnie wci\u0105\u017c blisko,<\/li>\n\n\n\n<li>pasowa\u0107 do reszty mebli.<\/li>\n<\/ul>\n\n\n\n<p>Mo\u017cesz wybra\u0107:<\/p>\n\n\n\n<figure class=\"is-layout-flex wp-block-gallery-9 wp-block-gallery has-nested-images columns-default is-cropped\">\n<figure class=\"wp-block-image size-large\"><img decoding=\"async\" loading=\"lazy\" width=\"500\" height=\"500\" data-id=\"2311\"  src=\"https:\/\/www.manutan.pl\/blog\/wp-content\/uploads\/2023\/05\/AIG2742473.jpg\" alt=\"AIG2742473\" class=\"wp-image-2311\" srcset=\"https:\/\/www.manutan.pl\/blog\/wp-content\/uploads\/2023\/05\/AIG2742473.jpg 500w, https:\/\/www.manutan.pl\/blog\/wp-content\/uploads\/2023\/05\/AIG2742473-300x300.jpg 300w, https:\/\/www.manutan.pl\/blog\/wp-content\/uploads\/2023\/05\/AIG2742473-150x150.jpg 150w\" sizes=\"(max-width: 500px) 100vw, 500px\" \/><figcaption class=\"wp-element-caption\"><a href=\"https:\/\/www.manutan.pl\/pl\/mpl\/metalowy-zewnetrzny-kosz-na-smieci-lionel-40-l-1652390\">Metalowy zewn\u0119trzny kosz na \u015bmieci Lionel 40&nbsp;l<\/a><\/figcaption><\/figure>\n\n\n\n<figure class=\"wp-block-image size-large\"><img decoding=\"async\" loading=\"lazy\" width=\"500\" height=\"500\" data-id=\"2312\"  src=\"https:\/\/www.manutan.pl\/blog\/wp-content\/uploads\/2023\/05\/AIG2742029.jpg\" alt=\"AIG2742029\" class=\"wp-image-2312\" srcset=\"https:\/\/www.manutan.pl\/blog\/wp-content\/uploads\/2023\/05\/AIG2742029.jpg 500w, https:\/\/www.manutan.pl\/blog\/wp-content\/uploads\/2023\/05\/AIG2742029-300x300.jpg 300w, https:\/\/www.manutan.pl\/blog\/wp-content\/uploads\/2023\/05\/AIG2742029-150x150.jpg 150w\" sizes=\"(max-width: 500px) 100vw, 500px\" \/><figcaption class=\"wp-element-caption\"><a href=\"https:\/\/www.manutan.pl\/pl\/mpl\/metalowy-zewnetrzny-kosz-na-smieci-heavy-duty-pojemnosc-35-l-973233\">Metalowy zewn\u0119trzny kosz na \u015bmieci Heavy Duty, pojemno\u015b\u0107 35&nbsp;l<\/a><\/figcaption><\/figure>\n\n\n\n<figure class=\"wp-block-image size-large\"><img decoding=\"async\" loading=\"lazy\" width=\"500\" height=\"500\" data-id=\"2313\"  src=\"https:\/\/www.manutan.pl\/blog\/wp-content\/uploads\/2023\/05\/AIG2745489.jpg\" alt=\"AIG2745489\" class=\"wp-image-2313\" srcset=\"https:\/\/www.manutan.pl\/blog\/wp-content\/uploads\/2023\/05\/AIG2745489.jpg 500w, https:\/\/www.manutan.pl\/blog\/wp-content\/uploads\/2023\/05\/AIG2745489-300x300.jpg 300w, https:\/\/www.manutan.pl\/blog\/wp-content\/uploads\/2023\/05\/AIG2745489-150x150.jpg 150w\" sizes=\"(max-width: 500px) 100vw, 500px\" \/><figcaption class=\"wp-element-caption\"><a href=\"https:\/\/www.manutan.pl\/pl\/mpl\/metalowe-kosze-na-smieci-segregowane-pojemnosc-45-l-116195\">Metalowe kosze na \u015bmieci segregowane, pojemno\u015b\u0107 45&nbsp;l<\/a><\/figcaption><\/figure>\n<\/figure>\n\n\n\n<p>Je\u015bli wybierzesz meble mobilne, wskazane jest chowanie ich w zadaszone miejsce poza sezonem. Pomy\u015bl o&nbsp;przechowywaniu sprz\u0119tu do utrzymania terenu \u2013 k\u00f3\u0142, kosiarek, \u0142opat czy sprz\u0119tu zimowego. Je\u015bli w Twojej firmie nie ma na to miejsca lub trudno by\u0142oby je wygospodarowa\u0107, si\u0119gnij po&nbsp;domki ogrodowe. <\/p>\n\n\n<div class=\"wp-block-image\">\n<figure class=\"aligncenter size-full is-resized\"><img decoding=\"async\" loading=\"lazy\" src=\"https:\/\/www.manutan.pl\/blog\/wp-content\/uploads\/2023\/05\/AIG4033919.jpg\" alt=\"AIG4033919\" class=\"wp-image-2314\" width=\"412\" height=\"412\" srcset=\"https:\/\/www.manutan.pl\/blog\/wp-content\/uploads\/2023\/05\/AIG4033919.jpg 500w, https:\/\/www.manutan.pl\/blog\/wp-content\/uploads\/2023\/05\/AIG4033919-300x300.jpg 300w, https:\/\/www.manutan.pl\/blog\/wp-content\/uploads\/2023\/05\/AIG4033919-150x150.jpg 150w\" sizes=\"(max-width: 412px) 100vw, 412px\" \/><figcaption class=\"wp-element-caption\">Idealny b\u0119dzie <a href=\"https:\/\/www.manutan.pl\/pl\/mpl\/magazynek-ogrodowy-manor-4x3-1281001\">Magazynek ogrodowy Manor 4&#215;3<\/a> \u2013 doskonale nadaje si\u0119 do przechowywania Twoich rzeczy w ogrodzie.<\/figcaption><\/figure><\/div>\n\n\n<h2>Wybierz meble zewn\u0119trzne, kt\u00f3re przetrwaj\u0105 wiele sezon\u00f3w<\/h2>\n\n\n\n<p>Niezale\u017cnie od tego, czy szukasz \u0142awek do ustawienia na du\u017cej powierzchni, siedzisk do zewn\u0119trznej strefy dla pal\u0105cych, czy wyposa\u017cenia reprezentacyjnej przestrzeni przed siedzib\u0105 firmy, pami\u0119taj, \u017ce kupujesz meble na wiele sezon\u00f3w. Dlatego warto zainwestowa\u0107 w wysokiej jako\u015bci materia\u0142y.<\/p>\n\n\n\n<h3>Drewno<\/h3>\n\n\n\n<p>Klasycznym materia\u0142em na meble ogrodowe jest drewno. Odpowiednie s\u0105 na przyk\u0142ad teak lub eukaliptus, ale odpowiednie s\u0105 r\u00f3wnie\u017c drzewa takie jak \u015bwierk, buk lub d\u0105b.<\/p>\n\n\n\n<p>Pami\u0119taj jednak, aby zadba\u0107 o&nbsp;drewniane cz\u0119\u015bci \u0142awek i&nbsp;sto\u0142\u00f3w. Najlepiej co roku traktowa\u0107 je bejc\u0105, aby zachowa\u0107 ich kolor i&nbsp;zapobiec odpadaniu drzazg z&nbsp;drewna.<\/p>\n\n\n\n<blockquote class=\"wp-block-quote\">\n<p><strong>WSKAZ\u00d3WKA<\/strong>: Sprawd\u017a r\u00f3wnie\u017c, czy drewno mebli pochodzi z&nbsp;lasu, o&nbsp;kt\u00f3ry dbali jego w\u0142a\u015bciciele. Innymi s\u0142owy \u2013 sprawd\u017a, czy zarz\u0105dzaj\u0105 ni\u0105 odpowiedzialnie wobec przyrody i&nbsp;przysz\u0142ych pokole\u0144. Je\u015bli nie mo\u017cesz znale\u017a\u0107 \u017cadnego certyfikatu, wybierz drewno pochodz\u0105ce z&nbsp;polskich las\u00f3w. B\u0119dziesz mie\u0107 przynajmniej pewno\u015b\u0107, \u017ce jest z&nbsp;bliska.<\/p>\n<\/blockquote>\n\n\n\n<h3>Plastik<\/h3>\n\n\n\n<p>W przypadku mebli plastikowych unikaj tanich produkt\u00f3w wykonanych z&nbsp;materia\u0142\u00f3w niskiej jako\u015bci. Zwykle mo\u017cna je znale\u017a\u0107 w hipermarketach lub marketach budowlanych. Szybko si\u0119 starzej\u0105, materia\u0142 traci wytrzyma\u0142o\u015b\u0107 i&nbsp;p\u0119ka. A&nbsp;kilkaset z\u0142otych zaoszcz\u0119dzonych na zakupie mo\u017ce sko\u0144czy\u0107 si\u0119 wypadkiem Twojego pracownika lub go\u015bcia.<\/p>\n\n\n\n<p>Zamiast tego wybierz sztuczny rattan i&nbsp;stabiln\u0105 metalow\u0105 konstrukcj\u0119. Zastosowanie bardziej mi\u0119kkiego, ale jednocze\u015bnie mocnego tworzywa sztucznego zapewnia wygodniejsze siedzenie, wygl\u0105da bardziej elegancko i&nbsp;\u0142atwiej \u0142\u0105czy si\u0119 z&nbsp;drewnianymi meblami. Cz\u0119sto mo\u017cna j\u0105 znale\u017a\u0107 w zestawie z&nbsp;mi\u0119kkimi poduszkami tapicerowanymi.<\/p>\n\n\n\n<p>Taki mebel wytrzyma s\u0142o\u0144ce i&nbsp;deszcz, ale zalecamy schowanie go na zim\u0119. Cho\u0107 producenci gwarantuj\u0105, \u017ce meble outdoor z&nbsp;techorattanu bezproblemowo przetrwaj\u0105 mr\u00f3z, to je\u015bli zabezpieczysz mebel przed niskimi temperaturami i&nbsp;lodem, odwdzi\u0119czy Ci si\u0119 on d\u0142u\u017csz\u0105 \u017cywotno\u015bci\u0105. Chro\u0144 te\u017c tapicerowane poduszki przed deszczem.<\/p>\n\n\n\n<h3><a><\/a>Metal<\/h3>\n\n\n\n<p>Je\u015bli z&nbsp;jakiego\u015b powodu drewno nie pasuje do Twojej firmy, wybierz meble metalowe. Klasyk designu to stop aluminium z&nbsp;miedzi\u0105, czyli duralem. Meble z&nbsp;niego wykonane charakteryzuj\u0105 si\u0119 wytrzyma\u0142o\u015bci\u0105, stabilno\u015bci\u0105 i&nbsp;s\u0105 niemal niezniszczalne, a&nbsp;przy tym zaskakuj\u0105co lekkie.<\/p>\n\n\n\n<p>Dural nie rdzewieje, nie boi si\u0119 wody, s\u0142o\u0144ca ani mrozu. Docenisz jego bezobs\u0142ugowo\u015b\u0107, a&nbsp;ponadto nie traci on swoich kolor\u00f3w. Popularna jest siatka ci\u0119to-ci\u0105gniona, w kt\u00f3rej maszyna regularnie nacina oczka na blach\u0119 i&nbsp;wytwarza sito z&nbsp;pierwotnie litego kawa\u0142ka metalu.<\/p>\n\n\n\n<p>Niewielk\u0105 wad\u0105 jest to, \u017ce metal dobrze przewodzi ciep\u0142o, wi\u0119c d\u0142ugo pozostaje zimny na mrozie i&nbsp;ch\u0142odzi siedzenie go\u015bcia. Z&nbsp;drugiej strony na s\u0142o\u0144cu szybko robi si\u0119 ciep\u0142y. Dlatego przy meblach metalowych polecamy wy\u015bcie\u0142ane poduszki.<\/p>\n\n\n\n<h2>Jak upi\u0119kszy\u0107 teren firmy i&nbsp;wykorzysta\u0107 go do cel\u00f3w reprezentacyjnych<\/h2>\n\n\n\n<p>Teren nale\u017c\u0105cy do firmy oraz teren przed wej\u015bciem mo\u017ce r\u00f3wnie\u017c zach\u0119ca\u0107 pracownik\u00f3w i&nbsp;go\u015bci do zapoznania si\u0119 z&nbsp;osi\u0105gni\u0119ciami firmy, aktualno\u015bciami czy informacjami dotycz\u0105cymi bezpiecze\u0144stwa. Nadaj\u0105 si\u0119 do tego celu:<\/p>\n\n\n\n<ul>\n<li>flagi na masztach,<\/li>\n\n\n\n<li>gabloty plenerowe,<\/li>\n\n\n\n<li>windtalkers (stojaki mobilne),<\/li>\n\n\n\n<li>stojaki na rowery.<\/li>\n<\/ul>\n\n\n\n<blockquote class=\"wp-block-quote\">\n<p><strong>WSKAZ\u00d3WKA<\/strong>: Je\u015bli nie dokonasz wyboru w naszym e-sklepie, z&nbsp;przyjemno\u015bci\u0105 przygotujemy ofert\u0119 mebli i&nbsp;wyposa\u017cenia zewn\u0119trznego dostosowan\u0105 do Twoich potrzeb. Zadzwo\u0144 do swojego przedstawiciela handlowego lub obs\u0142ugi klienta, a&nbsp;razem opracujemy idealny sprz\u0119t dla Ciebie i&nbsp;Twoich pracownik\u00f3w.<\/p>\n<\/blockquote>\n","protected":false},"excerpt":{"rendered":"<p>Pierwsz\u0105 rzecz\u0105, kt\u00f3r\u0105 ludzie widz\u0105, gdy przychodz\u0105 do Twojej firmy, jest przestrze\u0144 zewn\u0119trzna. Odmie\u0144 j\u0105 na wiosn\u0119 i&nbsp;stw\u00f3rz reprezentacyjne miejsce na zewn\u0105trz budynku. Mo\u017cesz je wykorzysta\u0107 na spotkania z&nbsp;klientami, powitanie go\u015bci lub jako miejsce na chwil\u0119 relaksu i&nbsp;zjedzenie lunchu dla pracownik\u00f3w. Dowiedz si\u0119, jak wybra\u0107 meble ogrodowe firmy, tak by zapewni\u0107 dobre pierwsze wra\u017cenie.<\/p>\n","protected":false},"author":5,"featured_media":2304,"comment_status":"closed","ping_status":"closed","sticky":false,"template":"","format":"standard","meta":[],"categories":[201],"tags":[],"jetpack_featured_media_url":"https:\/\/www.manutan.pl\/blog\/wp-content\/uploads\/2023\/05\/jakie-meble-zewnetrzne-do-firmy.jpg","_links":{"self":[{"href":"https:\/\/www.manutan.pl\/blog\/wp-json\/wp\/v2\/posts\/2303"}],"collection":[{"href":"https:\/\/www.manutan.pl\/blog\/wp-json\/wp\/v2\/posts"}],"about":[{"href":"https:\/\/www.manutan.pl\/blog\/wp-json\/wp\/v2\/types\/post"}],"author":[{"embeddable":true,"href":"https:\/\/www.manutan.pl\/blog\/wp-json\/wp\/v2\/users\/5"}],"replies":[{"embeddable":true,"href":"https:\/\/www.manutan.pl\/blog\/wp-json\/wp\/v2\/comments?post=2303"}],"version-history":[{"count":3,"href":"https:\/\/www.manutan.pl\/blog\/wp-json\/wp\/v2\/posts\/2303\/revisions"}],"predecessor-version":[{"id":2322,"href":"https:\/\/www.manutan.pl\/blog\/wp-json\/wp\/v2\/posts\/2303\/revisions\/2322"}],"wp:featuredmedia":[{"embeddable":true,"href":"https:\/\/www.manutan.pl\/blog\/wp-json\/wp\/v2\/media\/2304"}],"wp:attachment":[{"href":"https:\/\/www.manutan.pl\/blog\/wp-json\/wp\/v2\/media?parent=2303"}],"wp:term":[{"taxonomy":"category","embeddable":true,"href":"https:\/\/www.manutan.pl\/blog\/wp-json\/wp\/v2\/categories?post=2303"},{"taxonomy":"post_tag","embeddable":true,"href":"https:\/\/www.manutan.pl\/blog\/wp-json\/wp\/v2\/tags?post=2303"}],"curies":[{"name":"wp","href":"https:\/\/api.w.org\/{rel}","templated":true}]}}