{"id":3126,"date":"2024-10-29T16:04:26","date_gmt":"2024-10-29T15:04:26","guid":{"rendered":"https:\/\/www.manutan.pl\/blog\/?p=3126"},"modified":"2025-08-14T15:01:42","modified_gmt":"2025-08-14T13:01:42","slug":"krzeslo-skladane-uniwersalny-wybor-do-biura-i-na-eventy","status":"publish","type":"post","link":"https:\/\/www.manutan.pl\/blog\/krzeslo-skladane-uniwersalny-wybor-do-biura-i-na-eventy\/","title":{"rendered":"Krzes\u0142o sk\u0142adane: uniwersalny wyb\u00f3r do biura i&nbsp;na eventy"},"content":{"rendered":"\n<figure class=\"wp-block-image size-large\"><img decoding=\"async\" loading=\"lazy\" width=\"1024\" height=\"683\" src=\"https:\/\/www.manutan.pl\/blog\/wp-content\/uploads\/2024\/10\/krzesla_skladane-1024x683.webp\" alt=\"krzesla_skladane\" class=\"wp-image-3127\" srcset=\"https:\/\/www.manutan.pl\/blog\/wp-content\/uploads\/2024\/10\/krzesla_skladane-1024x683.webp 1024w, https:\/\/www.manutan.pl\/blog\/wp-content\/uploads\/2024\/10\/krzesla_skladane-300x200.webp 300w, https:\/\/www.manutan.pl\/blog\/wp-content\/uploads\/2024\/10\/krzesla_skladane-768x512.webp 768w, https:\/\/www.manutan.pl\/blog\/wp-content\/uploads\/2024\/10\/krzesla_skladane-1536x1024.webp 1536w, https:\/\/www.manutan.pl\/blog\/wp-content\/uploads\/2024\/10\/krzesla_skladane.webp 1920w\" sizes=\"(max-width: 1024px) 100vw, 1024px\" \/><\/figure>\n\n\n\n<p>Sk\u0142adane krzes\u0142o to praktyczny i&nbsp;funkcjonalny mebel, kt\u00f3ry sprawdzi si\u0119 w biurze, ogrodzie i&nbsp;podczas konferencji oraz event\u00f3w. W tym artykule przedstawiamy rady, jak wybra\u0107 trwa\u0142e krzes\u0142a sk\u0142adane i&nbsp;jak je przechowywa\u0107, aby pos\u0142u\u017cy\u0142y przez wiele lat.&nbsp;<\/p>\n\n\n\n<h2><strong>Krzes\u0142o sk\u0142adane \u2013 praktyczny mebel na wiele okazji<\/strong>&nbsp;<\/h2>\n\n\n\n<p>Sk\u0142adane krzes\u0142o to \u015bwietny spos\u00f3b, aby zaoszcz\u0119dzi\u0107 przestrze\u0144 w domu czy mieszkaniu, a&nbsp;tak\u017ce w biurze oraz sali konferencyjnej. Dzi\u0119ki niemu nie zagracamy wn\u0119trza, a&nbsp;jednocze\u015bnie jeste\u015bmy przygotowani na wi\u0119ksz\u0105 liczb\u0119 go\u015bci lub s\u0142uchaczy. Takie meble \u0142atwo jest rozstawi\u0107 w razie potrzeby, natomiast gdy s\u0105 niepotrzebne, mo\u017cna je r\u00f3wnie \u0142atwo z\u0142o\u017cy\u0107 i&nbsp;ustawi\u0107 pod \u015bcian\u0105 lub w specjalnie przeznaczonym do tego celu miejscu. Krzes\u0142a sk\u0142adane sprawdz\u0105 si\u0119 r\u00f3wnie\u017c, je\u015bli planujemy firmowy event \u2013 uczestnicy b\u0119d\u0105 mie\u0107 zapewnione miejsca siedz\u0105ce, a&nbsp;po&nbsp;imprezie mo\u017cna szybko przywr\u00f3ci\u0107 pierwotne umeblowanie. Sk\u0142adane Krzes\u0142a bankietowe i&nbsp;cateringowe to doskona\u0142e rozwi\u0105zanie, kt\u00f3re warto wzi\u0105\u0107 pod uwag\u0119. Sk\u0142adane krzes\u0142a to r\u00f3wnie\u017c idealny wyb\u00f3r do jadalni. W ma\u0142ych przestrzeniach liczy si\u0119 ka\u017cdy metr kwadratowy, wi\u0119c praktyczne, \u0142atwe do z\u0142o\u017cenia krzes\u0142o to idealne rozwi\u0105zanie. Dzi\u0119ki sk\u0142adanej konstrukcji nie zajmuj\u0105 du\u017co miejsca, natomiast gwarantuj\u0105, \u017ce wszyscy pracownicy chc\u0105cy w danym czasie zje\u015b\u0107 posi\u0142ek b\u0119d\u0105 mieli gdzie usi\u0105\u015b\u0107.\u00a0<\/p>\n\n\n\n<h2><strong>Krzes\u0142o sk\u0142adane biurowe \u2013 na co zwr\u00f3ci\u0107 uwag\u0119 przy wyborze?<\/strong>&nbsp;<\/h2>\n\n\n\n<p>Nowoczesne krzes\u0142o sk\u0142adane to polecany element wyposa\u017cenia w ka\u017cdym domu i&nbsp;firmie. Zwykle te praktyczne meble s\u0105 wykonane z&nbsp;tworzywa sztucznego, ale dost\u0119pne s\u0105 te\u017c krzes\u0142a sk\u0142adane z&nbsp;drewna czy z&nbsp;metalu. Najwa\u017cniejszy element konstrukcji stanowi siedzisko, kt\u00f3re powinno by\u0107 wykonane z&nbsp;dobrej jako\u015bci materia\u0142\u00f3w. Mo\u017ce by\u0107 ono mi\u0119kkie lub twarde, plastikowe, z&nbsp;tworzywa sztucznego wype\u0142nionego g\u0105bk\u0105 lub z&nbsp;plecionki.Przy wyborze krzes\u0142a, to jego trwa\u0142o\u015b\u0107 i&nbsp;\u0142atwo\u015b\u0107 utrzymania w czysto\u015bci. Krzes\u0142a rozk\u0142adane powinny zapewnia\u0107 komfortowe u\u017cytkowanie oraz stabilno\u015b\u0107 i&nbsp;mie\u0107 konstrukcj\u0119 odporn\u0105 na wielokrotne sk\u0142adanie  rozstawianie, przenoszenie oraz intensywne u\u017cytkowanie. Krzes\u0142a ogrodowe sk\u0142adane dodatkowo powinny by\u0107 odporne na warunki atmosferyczne. Kolejne kwestie maj\u0105ce wp\u0142yw na wyb\u00f3r to wygoda i&nbsp;design. Nic nie stoi na przeszkodzie, by praktyczne krzes\u0142a sk\u0142adane by\u0142y jednocze\u015bnie stylowe. Pami\u0119tajmy jednak, \u017ce elementy tapicerowane b\u0119d\u0105 szybciej si\u0119 brudzi\u0107 i&nbsp;po&nbsp;jakim\u015b czasie mog\u0105 wygl\u0105da\u0107 nieestetycznie. Proste i&nbsp;trwa\u0142e materia\u0142y, takie jak plastik czy techno-rattan, zapewniaj\u0105 d\u0142ugotrwa\u0142e u\u017cytkowanie, s\u0105 te\u017c naj\u0142atwiejsze do utrzymania w czysto\u015bci.\u00a0<\/p>\n\n\n\n<h2><strong>Krzes\u0142o sk\u0142adane ogrodowe \u2013 idealne do k\u0105cika wypoczynkowego i&nbsp;na eventy<\/strong>&nbsp;<\/h2>\n\n\n\n<p>Krzes\u0142o ogrodowe sk\u0142adane to doskona\u0142e rozwi\u0105zanie dla os\u00f3b urz\u0105dzaj\u0105cych przyj\u0119cia w ogrodzie i&nbsp;na imprezy firmowe w plenerze lub je\u015bli mamy k\u0105cik do relaksu w ogrodzie. Najwa\u017cniejsze kwestie przy wyborze to praktyczno\u015b\u0107, funkcjonalno\u015b\u0107 i&nbsp;trwa\u0142o\u015b\u0107. Nie zapominajmy te\u017c o&nbsp;estetyce, zw\u0142aszcza je\u015bli impreza ma charakter uroczysty. \u015awietnym wyborem jest ogorodwe krzes\u0142o sk\u0142adane cateringowe, kt\u00f3re pozwala na \u0142atw\u0105 aran\u017cacj\u0119 ka\u017cdej przestrzeni. Mo\u017cna je \u0142atwo przenosi\u0107, a&nbsp;jednocze\u015bnie ma solidn\u0105 konstrukcj\u0119 i&nbsp;estetyczn\u0105 stylistyk\u0119. Sprawdzi si\u0119 na ka\u017cd\u0105 okazj\u0119, do domu i&nbsp;ogrodu.\u00a0<\/p>\n\n\n\n<h2><strong>Krzes\u0142o sk\u0142adane \u2013 jaki kolor wybra\u0107?<\/strong>&nbsp;<\/h2>\n\n\n\n<p>Krzes\u0142a sk\u0142adane s\u0105 oferowane w najrozmaitszych kolorach. Najcz\u0119\u015bciej wybierane s\u0105 kolory bia\u0142y i&nbsp;kolor czarny, poniewa\u017c s\u0105 uniwersalne i&nbsp;\u0142atwo dopasowa\u0107 je do ka\u017cdego wn\u0119trza. Dobrym wyborem b\u0119dzie tak\u017ce krzes\u0142o szare. Wyb\u00f3r koloru mebli jest kwesti\u0105 preferencji oraz og\u00f3lnej estetyki wn\u0119trza. Chocia\u017c krzes\u0142a sk\u0142adane nie s\u0105 sta\u0142ym elementem wyposa\u017cenia,  zach\u0119camy, by dopasowa\u0107 je do kolorystyki mebli i&nbsp;\u015bcian w sali konferencyjnej, w jadalni czy w sali wyk\u0142adowej. Krzes\u0142a rozk\u0142adane czarne i&nbsp;szare s\u0105 najbardziej praktyczne, poniewa\u017c ewentualne zabrudzenia s\u0105 na nich mniej widoczne ni\u017c na krzes\u0142ach w jasnych kolorach.\u00a0<\/p>\n\n\n\n<p>W sklepie Manutan oferujemy szeroki wyb\u00f3r krzese\u0142 rozk\u0142adanych. Oferujemy krzes\u0142a z&nbsp;r\u00f3\u017cnych materia\u0142\u00f3w, idealne do cel\u00f3w szkoleniowych, na r\u00f3\u017cnego typu imprezy i&nbsp;do ogrodu. Zach\u0119camy do zapoznania si\u0119 z&nbsp;nasz\u0105 ofert\u0105. Klasyczne modele to krzes\u0142a sk\u0142adane Toom, idealne do pomieszcze\u0144 biurowych i&nbsp;do kawiarni, krzes\u0142a Vinyl Linea Fabbrica czy eleganckie krzes\u0142a Supe Deluxe.&nbsp;<\/p>\n\n\n\n<div class=\"is-layout-flex wp-container-4 wp-block-columns\">\n<div class=\"is-layout-flow wp-block-column\">\n<figure class=\"wp-block-image size-large\"><a href=\"https:\/\/www.manutan.pl\/pl\/mpl\/krzeslo-konferencyjne-vinyl-linea-fabbrica\"><img decoding=\"async\" src=\"https:\/\/www.manutan.pl\/fstrz\/r\/s\/www.manutan.pl\/img\/S\/GRP\/ST\/AIG388768.jpg?frz-v=85\" alt=\"\"\/><\/a><\/figure>\n<\/div>\n\n\n\n<div class=\"is-layout-flow wp-block-column\">\n<figure class=\"wp-block-image size-large\"><a href=\"https:\/\/www.manutan.pl\/pl\/mpl\/krzeslo-skladane-super-deluxe\"><img decoding=\"async\" src=\"https:\/\/www.manutan.pl\/fstrz\/r\/s\/www.manutan.pl\/img\/S\/GRP\/ST\/AIG2060943.jpg?frz-v=85\" alt=\"\"\/><\/a><\/figure>\n<\/div>\n\n\n\n<div class=\"is-layout-flow wp-block-column\"><\/div>\n<\/div>\n\n\n\n<h2>FAQ&nbsp;<\/h2>\n\n\n\n<h3>Gdzie sprawdzi si\u0119 krzes\u0142o sk\u0142adane?&nbsp;<\/h3>\n\n\n\n<p>Krzes\u0142a sk\u0142adane s\u0105 idealne do sali konferencyjnej, do sal wyk\u0142adowych oraz na wszelkiego rodzaju wydarzenia i&nbsp;eventy. S\u0105 lekkie i&nbsp;po&nbsp;z\u0142o\u017ceniu zajmuj\u0105 niewiele miejsca.&nbsp;<\/p>\n\n\n\n<h3>Jak przechowywa\u0107 sk\u0142adane krzes\u0142a?&nbsp;<\/h3>\n\n\n\n<p>Krzes\u0142a o&nbsp;sk\u0142adanej konstrukcji, gdy nie s\u0105 u\u017cywane, nale\u017cy przechowywa\u0107 w miejscu, gdzie nie s\u0105 nara\u017cone na niekorzystne warunki atmosferyczne czy zabrudzenie. W pomieszczeniu mo\u017cna ustawi\u0107 je np. pod \u015bcian\u0105.&nbsp;<\/p>\n\n\n\n<h3>Jakie sk\u0142adane krzes\u0142o jest najlepsze?&nbsp;<\/h3>\n\n\n\n<p>Dobre krzes\u0142o sk\u0142adane powinno by\u0107 wygodne, odporne na u\u017cytkowanie i&nbsp;zabrudzenia, solidne i&nbsp;jednocze\u015bnie lekkie. Warto wybra\u0107 krzes\u0142a dobrej jako\u015bci, poniewa\u017c pos\u0142u\u017c\u0105 d\u0142u\u017cej.&nbsp;<\/p>\n\n\n\n<h3>Jaki kolor jest idealny, gdy kupujemy krzes\u0142o sk\u0142adane?&nbsp;<\/h3>\n\n\n\n<p>Wyb\u00f3r koloru krzes\u0142a to kwestia gustu. Sk\u0142adane krzes\u0142a s\u0105 dost\u0119pne w wielu wersjach kolorystycznych. Warto dopasowa\u0107 ich barw\u0119 do kolorystyki w danym wn\u0119trzu, a&nbsp;w ogrodzie do zestaw\u00f3w wypoczynkowych i&nbsp;stolik\u00f3w.&nbsp;<\/p>\n","protected":false},"excerpt":{"rendered":"<p>Sk\u0142adane krzes\u0142o to praktyczny i&nbsp;funkcjonalny mebel, kt\u00f3ry sprawdzi si\u0119 w biurze, ogrodzie i&nbsp;podczas konferencji oraz event\u00f3w. W tym artykule przedstawiamy rady, jak wybra\u0107 trwa\u0142e krzes\u0142a sk\u0142adane i&nbsp;jak je przechowywa\u0107, aby pos\u0142u\u017cy\u0142y przez wiele lat.&nbsp; Krzes\u0142o sk\u0142adane \u2013 praktyczny mebel na wiele okazji&nbsp; Sk\u0142adane krzes\u0142o to \u015bwietny spos\u00f3b, aby zaoszcz\u0119dzi\u0107 przestrze\u0144 w domu czy mieszkaniu, a&nbsp;tak\u017ce [&hellip;]<\/p>\n","protected":false},"author":5,"featured_media":3127,"comment_status":"closed","ping_status":"closed","sticky":false,"template":"","format":"standard","meta":[],"categories":[201,340],"tags":[],"jetpack_featured_media_url":"https:\/\/www.manutan.pl\/blog\/wp-content\/uploads\/2024\/10\/krzesla_skladane.webp","_links":{"self":[{"href":"https:\/\/www.manutan.pl\/blog\/wp-json\/wp\/v2\/posts\/3126"}],"collection":[{"href":"https:\/\/www.manutan.pl\/blog\/wp-json\/wp\/v2\/posts"}],"about":[{"href":"https:\/\/www.manutan.pl\/blog\/wp-json\/wp\/v2\/types\/post"}],"author":[{"embeddable":true,"href":"https:\/\/www.manutan.pl\/blog\/wp-json\/wp\/v2\/users\/5"}],"replies":[{"embeddable":true,"href":"https:\/\/www.manutan.pl\/blog\/wp-json\/wp\/v2\/comments?post=3126"}],"version-history":[{"count":2,"href":"https:\/\/www.manutan.pl\/blog\/wp-json\/wp\/v2\/posts\/3126\/revisions"}],"predecessor-version":[{"id":3415,"href":"https:\/\/www.manutan.pl\/blog\/wp-json\/wp\/v2\/posts\/3126\/revisions\/3415"}],"wp:featuredmedia":[{"embeddable":true,"href":"https:\/\/www.manutan.pl\/blog\/wp-json\/wp\/v2\/media\/3127"}],"wp:attachment":[{"href":"https:\/\/www.manutan.pl\/blog\/wp-json\/wp\/v2\/media?parent=3126"}],"wp:term":[{"taxonomy":"category","embeddable":true,"href":"https:\/\/www.manutan.pl\/blog\/wp-json\/wp\/v2\/categories?post=3126"},{"taxonomy":"post_tag","embeddable":true,"href":"https:\/\/www.manutan.pl\/blog\/wp-json\/wp\/v2\/tags?post=3126"}],"curies":[{"name":"wp","href":"https:\/\/api.w.org\/{rel}","templated":true}]}}