{"id":3284,"date":"2025-07-02T10:11:22","date_gmt":"2025-07-02T08:11:22","guid":{"rendered":"https:\/\/www.manutan.pl\/blog\/?p=3284"},"modified":"2025-08-12T12:28:32","modified_gmt":"2025-08-12T10:28:32","slug":"jak-wybrac-meble-biurowe-ktore-zwieksza-komfort-i-efektywnosc-pracy","status":"publish","type":"post","link":"https:\/\/www.manutan.pl\/blog\/jak-wybrac-meble-biurowe-ktore-zwieksza-komfort-i-efektywnosc-pracy\/","title":{"rendered":"Jak wybra\u0107 meble biurowe, kt\u00f3re zwi\u0119ksz\u0105 komfort i&nbsp;efektywno\u015b\u0107 pracy?"},"content":{"rendered":"<figure class=\"wp-block-post-featured-image\"><img width=\"1920\" height=\"1191\" src=\"https:\/\/www.manutan.pl\/blog\/wp-content\/uploads\/2025\/07\/jak_wybrac_meble_biurowe.webp\" class=\"attachment-post-thumbnail size-post-thumbnail wp-post-image\" alt=\"jak_wybrac_meble_biurowe\" decoding=\"async\" loading=\"lazy\" srcset=\"https:\/\/www.manutan.pl\/blog\/wp-content\/uploads\/2025\/07\/jak_wybrac_meble_biurowe.webp 1920w, https:\/\/www.manutan.pl\/blog\/wp-content\/uploads\/2025\/07\/jak_wybrac_meble_biurowe-300x186.webp 300w, https:\/\/www.manutan.pl\/blog\/wp-content\/uploads\/2025\/07\/jak_wybrac_meble_biurowe-1024x635.webp 1024w, https:\/\/www.manutan.pl\/blog\/wp-content\/uploads\/2025\/07\/jak_wybrac_meble_biurowe-768x476.webp 768w, https:\/\/www.manutan.pl\/blog\/wp-content\/uploads\/2025\/07\/jak_wybrac_meble_biurowe-1536x953.webp 1536w\" sizes=\"(max-width: 1920px) 100vw, 1920px\" \/><\/figure>\n\n\n<p>W dobrze urz\u0105dzonym biurze nie tylko pracuje si\u0119 przyjemniej, ale te\u017c efektywniej. Meble biurowe, kt\u00f3re wspieraj\u0105 cia\u0142o, porz\u0105dkuj\u0105 przestrze\u0144 i&nbsp;sprzyjaj\u0105 skupieniu, przestaj\u0105 by\u0107 dodatkiem \u2013 staj\u0105 si\u0119 narz\u0119dziem pracy. Ich wyb\u00f3r nie powinien wi\u0119c opiera\u0107 si\u0119 jedynie na estetyce czy cenie. Liczy si\u0119 ergonomia, funkcjonalno\u015b\u0107, jako\u015b\u0107 i&nbsp;dostosowanie do realnych potrzeb zespo\u0142u.<\/p>\n\n\n\n<h2><strong>Uk\u0142ad, kt\u00f3ry robi r\u00f3\u017cnic\u0119<\/strong><\/h2>\n\n\n\n<p>Wszystko zaczyna si\u0119 od przestrzeni. \u0179le ustawione biurka, brak dost\u0119pu do naturalnego \u015bwiat\u0142a, ha\u0142as i&nbsp;poczucie chaosu potrafi\u0105 skutecznie odebra\u0107 ch\u0119\u0107 do pracy. Dlatego pierwszym krokiem przy wyborze mebli biurowych powinno by\u0107 przemy\u015blane zaplanowanie uk\u0142adu pomieszczenia. Biurka warto ustawia\u0107 tak, aby pracownik mia\u0142 widok na drzwi i&nbsp;dost\u0119p do okna. Rega\u0142y i&nbsp;szafy nie powinny przyt\u0142acza\u0107 ani przes\u0142ania\u0107 \u015bwiat\u0142a, lecz naturalnie dzieli\u0107 przestrze\u0144 na funkcjonalne strefy.<\/p>\n\n\n\n<h3><strong>Biurko dopasowane do obowi\u0105zk\u00f3w<\/strong><\/h3>\n\n\n\n<p>R\u00f3\u017cne tryby pracy wymagaj\u0105 r\u00f3\u017cnych rozwi\u0105za\u0144 \u2013 oto najpopularniejsze opcje:<\/p>\n\n\n\n<ul>\n<li><strong>Dla pracy stacjonarnej (8h przy komputerze)<\/strong>:\n<ul>\n<li>biurka z&nbsp;<a href=\"https:\/\/www.manutan.pl\/pl\/mpl\/szuflady-do-wielofunkcyjnych-stolow-konferencyjnych-manutan-expert-38-x-30-cm\" target=\"_blank\" rel=\"noreferrer noopener\"><strong><mark style=\"background-color:rgba(0, 0, 0, 0)\" class=\"has-inline-color has-primary-color\">szuflad\u0105 podblatow\u0105<\/mark><\/strong><\/a> \u2013 idealne na drobiazgi, pomagaj\u0105 utrzyma\u0107 porz\u0105dek,<\/li>\n\n\n\n<li>modele z&nbsp;<strong>nadstawk\u0105 pod monitor<\/strong> \u2013 wspieraj\u0105 ergonomiczn\u0105 pozycj\u0119 g\u0142owy.<\/li>\n<\/ul>\n<\/li>\n<\/ul>\n\n\n\n<p><\/p>\n\n\n\n<ul>\n<li><strong>W \u015brodowiskach mobilnych<\/strong>:\n<ul>\n<li>biurka na <strong>k\u00f3\u0142kach<\/strong> \u2013 \u0142atwe do przestawienia, elastyczne w organizacji przestrzeni.<\/li>\n<\/ul>\n<\/li>\n<\/ul>\n\n\n\n<p><\/p>\n\n\n\n<ul>\n<li><strong>Do pracy hybrydowej<\/strong>:\n<ul>\n<li><strong>biurka sk\u0142adane<\/strong> \u2013 oszcz\u0119dno\u015b\u0107 miejsca,<\/li>\n\n\n\n<li>modele z&nbsp;<strong>elektryczn\u0105 regulacj\u0105 wysoko\u015bci<\/strong> \u2013 dostosowanie do pracy siedz\u0105cej i&nbsp;stoj\u0105cej.<\/li>\n<\/ul>\n<\/li>\n<\/ul>\n\n\n\n<p><\/p>\n\n\n\n<ul>\n<li><strong>Dla u\u017cytkownik\u00f3w z&nbsp;wi\u0119kszym zapotrzebowaniem na przestrze\u0144<\/strong>:\n<ul>\n<li><strong>biurka naro\u017cne<\/strong> \u2013 optymalizuj\u0105 wykorzystanie miejsca, zapewniaj\u0105 du\u017c\u0105 powierzchni\u0119 robocz\u0105,<\/li>\n\n\n\n<li>idealne dla pracy z&nbsp;wieloma monitorami, dokumentami i&nbsp;sprz\u0119tem.<\/li>\n<\/ul>\n<\/li>\n<\/ul>\n\n\n\n<p><\/p>\n\n\n\n<ul>\n<li><strong>W nowoczesnych biurach i&nbsp;open space\u2019ach<\/strong>:\n<ul>\n<li><strong>rozwi\u0105zania modu\u0142owe<\/strong> \u2013 elastyczne, \u0142atwe do rekonfiguracji,<\/li>\n\n\n\n<li>wspieraj\u0105 zar\u00f3wno prac\u0119 indywidualn\u0105, jak i&nbsp;zespo\u0142ow\u0105.<\/li>\n<\/ul>\n<\/li>\n<\/ul>\n\n\n\n<h3><strong>Krzes\u0142o, kt\u00f3re naprawd\u0119 dba o&nbsp;kr\u0119gos\u0142up<\/strong><\/h3>\n\n\n\n<p>Nawet najlepsze biurko nie wystarczy, je\u015bli <a href=\"https:\/\/www.manutan.pl\/pl\/mpl\/krzesla-i-fotele-biurowe\" target=\"_blank\" rel=\"noreferrer noopener\"><mark style=\"background-color:rgba(0, 0, 0, 0)\" class=\"has-inline-color has-primary-color\">krzes\u0142o do komputera<\/mark><\/a> nie wspiera prawid\u0142owej postawy. Na co zwr\u00f3ci\u0107 uwag\u0119?<\/p>\n\n\n\n<ul>\n<li><strong>Regulacja<\/strong>:\n<ul>\n<li>wysoko\u015bci siedziska \u2013 dopasowanie do wzrostu i&nbsp;biurka,<\/li>\n\n\n\n<li>odchylenie oparcia \u2013 dla komfortu i&nbsp;odpoczynku kr\u0119gos\u0142upa,<\/li>\n\n\n\n<li>podparcie l\u0119d\u017awiowe \u2013 kluczowe dla dolnego odcinka plec\u00f3w.<\/li>\n<\/ul>\n<\/li>\n<\/ul>\n\n\n\n<p><\/p>\n\n\n\n<ul>\n<li><strong>Mechanika synchroniczna<\/strong>:\n<ul>\n<li>jednoczesne odchylanie oparcia i&nbsp;siedziska,<\/li>\n\n\n\n<li>wspiera naturalne ruchy cia\u0142a i&nbsp;aktywne siedzenie.<\/li>\n<\/ul>\n<\/li>\n<\/ul>\n\n\n\n<p><\/p>\n\n\n\n<ul>\n<li><strong>Pod\u0142okietniki<\/strong>:\n<ul>\n<li>regulowane \u2013 zapewniaj\u0105 prawid\u0142owe u\u0142o\u017cenie ramion,<\/li>\n\n\n\n<li>odci\u0105\u017caj\u0105 barki i&nbsp;nadgarstki.<\/li>\n<\/ul>\n<\/li>\n<\/ul>\n\n\n\n<p><\/p>\n\n\n\n<ul>\n<li><strong>K\u00f3\u0142ka i&nbsp;mobilno\u015b\u0107<\/strong>:\n<ul>\n<li>o niskim poziomie ha\u0142asu \u2013 umo\u017cliwiaj\u0105 ciche poruszanie si\u0119 po&nbsp;twardych powierzchniach<\/li>\n\n\n\n<li>p\u0142ynno\u015b\u0107 ruchu bez ryzyka uszkodze\u0144 pod\u0142ogi.<\/li>\n<\/ul>\n<\/li>\n<\/ul>\n\n\n\n<p><\/p>\n\n\n\n<ul>\n<li><strong>Tapicerka<\/strong>:\n<ul>\n<li>oddychaj\u0105ce materia\u0142y \u2013 idealne do biur bez klimatyzacji,<\/li>\n\n\n\n<li>wi\u0119kszy komfort przez ca\u0142y dzie\u0144.<\/li>\n<\/ul>\n<\/li>\n<\/ul>\n\n\n\n<p><\/p>\n\n\n\n<h3><strong>Porz\u0105dek to po\u0142owa sukcesu<\/strong><\/h3>\n\n\n\n<p>Sprawna organizacja dokument\u00f3w to fundament efektywnej pracy. Oto, co warto rozwa\u017cy\u0107:<\/p>\n\n\n\n<ul>\n<li><strong>Zamkni\u0119te <\/strong><a href=\"https:\/\/www.manutan.pl\/pl\/mpl\/regaly-biurowe-gmc2301085\" target=\"_blank\" rel=\"noreferrer noopener\"><strong><mark style=\"background-color:rgba(0, 0, 0, 0)\" class=\"has-inline-color has-primary-color\">rega\u0142y na dokumenty<\/mark><\/strong><\/a><strong> z&nbsp;drzwiami<\/strong>:\n<ul>\n<li>idealne dla zespo\u0142\u00f3w z&nbsp;du\u017c\u0105 ilo\u015bci\u0105 papier\u00f3w,<\/li>\n\n\n\n<li>ukrywaj\u0105 dokumenty i&nbsp;nadaj\u0105 przestrzeni profesjonalny wygl\u0105d,<\/li>\n\n\n\n<li>sprawdzaj\u0105 si\u0119 w biurach wymagaj\u0105cych estetyki i&nbsp;porz\u0105dku.<\/li>\n<\/ul>\n<\/li>\n<\/ul>\n\n\n\n<p><\/p>\n\n\n\n<ul>\n<li><a href=\"https:\/\/www.manutan.pl\/pl\/mpl\/metalowe-regaly-bezsrubowe-hathor-dwustronne\" target=\"_blank\" rel=\"noreferrer noopener\"><strong><mark style=\"background-color:rgba(0, 0, 0, 0)\" class=\"has-inline-color has-primary-color\">Rega\u0142y na segregatory<\/mark><\/strong><\/a><strong> otwarte<\/strong>:\n<ul>\n<li>szybki dost\u0119p do bie\u017c\u0105cych materia\u0142\u00f3w,<\/li>\n\n\n\n<li>\u015bwietne do sal konferencyjnych, sekretariat\u00f3w, recepcji,<\/li>\n\n\n\n<li>u\u0142atwiaj\u0105 codzienn\u0105 prac\u0119 zespo\u0142ow\u0105.<\/li>\n<\/ul>\n<\/li>\n<\/ul>\n\n\n\n<p><\/p>\n\n\n\n<ul>\n<li><strong>Mobilne kontenerki na k\u00f3\u0142kach<\/strong>:\n<ul>\n<li>elastyczne rozwi\u0105zanie do przechowywania dokument\u00f3w, sprz\u0119tu czy materia\u0142\u00f3w biurowych,<\/li>\n\n\n\n<li>\u0142atwe do przestawienia \u2013 bez blokowania przestrzeni na sta\u0142e,<\/li>\n\n\n\n<li>wspieraj\u0105 dynamiczn\u0105 organizacj\u0119 pracy w nowoczesnym biurze.<\/li>\n<\/ul>\n<\/li>\n<\/ul>\n\n\n\n<p><\/p>\n\n\n\n<h3><strong>Wsp\u00f3\u0142praca w rytmie przestrzeni<\/strong><\/h3>\n\n\n\n<p>Nowoczesne \u015brodowiska pracy coraz cz\u0119\u015bciej stawiaj\u0105 na elastyczno\u015b\u0107. Otwarta przestrze\u0144 biurowa nie musi oznacza\u0107 chaosu ani braku prywatno\u015bci \u2013 przeciwnie, odpowiednio zaprojektowane meble mog\u0105 tworzy\u0107 zr\u00f3\u017cnicowane strefy, kt\u00f3re wspieraj\u0105 zar\u00f3wno cich\u0105 prac\u0119 indywidualn\u0105, jak i&nbsp;dynamiczn\u0105 wsp\u00f3\u0142prac\u0119 zespo\u0142ow\u0105.<\/p>\n\n\n\n<p>Pracodawcy i&nbsp;projektanci wn\u0119trz coraz cz\u0119\u015bciej korzystaj\u0105 z&nbsp;narz\u0119dzi aran\u017cacyjnych, kt\u00f3re pozwalaj\u0105 w prosty spos\u00f3b zmienia\u0107 funkcj\u0119 danego obszaru. Dobrze zaprojektowana przestrze\u0144 biurowa potrafi b\u0142yskawicznie zmienia\u0107 si\u0119 w zale\u017cno\u015bci od potrzeb zespo\u0142u. Przyczyniaj\u0105 si\u0119 do tego m.in.:<\/p>\n\n\n\n<ul>\n<li>sto\u0142y modu\u0142owe, kt\u00f3re mo\u017cna zestawia\u0107 w r\u00f3\u017cne konfiguracje w zale\u017cno\u015bci od liczby os\u00f3b i&nbsp;charakteru spotkania,<\/li>\n\n\n\n<li>\u015bcianki dzia\u0142owe i&nbsp;mobilne panele \u2013 nie tylko poprawiaj\u0105ce akustyk\u0119, ale te\u017c pomagaj\u0105ce w tworzeniu tymczasowych stref koncentracji,<\/li>\n\n\n\n<li>kabiny akustyczne, w kt\u00f3rych mo\u017cna odbywa\u0107 poufne rozmowy telefoniczne lub prowadzi\u0107 wideokonferencje bez zak\u0142\u00f3cania pracy innych.<\/li>\n<\/ul>\n\n\n\n<p>Meble wspieraj\u0105ce wsp\u00f3\u0142prac\u0119 to tak\u017ce niskie stoliki kawowe do szybkich zebra\u0144, pufy i&nbsp;\u0142awki do nieformalnych rozm\u00f3w czy wi\u0119ksze sto\u0142y konferencyjne z&nbsp;wbudowanymi gniazdami do \u0142adowania urz\u0105dze\u0144. Ka\u017cdy detal, kt\u00f3ry wspiera swobodny przep\u0142yw pomys\u0142\u00f3w, ma znaczenie w tworzeniu nowoczesnego biura opartego na zaufaniu i&nbsp;wsp\u00f3\u0142dzia\u0142aniu.<\/p>\n\n\n\n<h3><strong>Biuro z&nbsp;charakterem<\/strong><\/h3>\n\n\n\n<p>Wystr\u00f3j wn\u0119trza wp\u0142ywa na wizerunek marki i&nbsp;atmosfer\u0119 w zespole. Oto jak dopasowa\u0107 styl do charakteru firmy:<\/p>\n\n\n\n<ul>\n<li><strong>Industrialny<\/strong>:\n<ul>\n<li>biurka z&nbsp;metalowymi nogami, surowe materia\u0142y,<\/li>\n\n\n\n<li>idealny dla nowoczesnych marek, agencji kreatywnych, startup\u00f3w.<\/li>\n<\/ul>\n<\/li>\n<\/ul>\n\n\n\n<p><\/p>\n\n\n\n<ul>\n<li><strong>Skandynawski minimalizm<\/strong>:\n<ul>\n<li>jasne drewno, lekkie formy, du\u017co \u015bwiat\u0142a,<\/li>\n\n\n\n<li>pasuje do firm ceni\u0105cych prostot\u0119, przejrzysto\u015b\u0107 i&nbsp;funkcjonalno\u015b\u0107.<\/li>\n<\/ul>\n<\/li>\n<\/ul>\n\n\n\n<p><\/p>\n\n\n\n<ul>\n<li><strong>Styl klasyczny<\/strong>:\n<ul>\n<li>masywne meble, ciemne drewno, tapicerowane fotele,<\/li>\n\n\n\n<li>buduje wra\u017cenie stabilno\u015bci, presti\u017cu i&nbsp;tradycji.<\/li>\n<\/ul>\n<\/li>\n<\/ul>\n\n\n\n<p><\/p>\n\n\n\n<ul>\n<li><strong>Jakie elementy wp\u0142ywaj\u0105 na komfort<\/strong>:\n<ul>\n<li>ziele\u0144 i&nbsp;naturalne \u015bwiat\u0142o \u2013 poprawiaj\u0105 samopoczucie,<\/li>\n\n\n\n<li>strefy relaksu z&nbsp;mi\u0119kkimi fotelami \u2013 zwi\u0119kszaj\u0105 zadowolenie pracownik\u00f3w,<\/li>\n\n\n\n<li>stonowane kolory i&nbsp;drewno \u2013 buduj\u0105 atmosfer\u0119 zaufania i&nbsp;spokoju.<\/li>\n<\/ul>\n<\/li>\n<\/ul>\n\n\n\n<p><\/p>\n\n\n\n<h3><strong>\u015awiadomy wyb\u00f3r = odpowiedzialna firma<\/strong><\/h3>\n\n\n\n<p>Coraz wi\u0119cej pracodawc\u00f3w zwraca uwag\u0119 na zr\u00f3wnowa\u017cony rozw\u00f3j tak\u017ce przy wyborze wyposa\u017cenia biura. To nie tylko trend, ale dow\u00f3d realnej troski o&nbsp;\u015brodowisko, ludzi i&nbsp;przysz\u0142o\u015b\u0107 firmy. Wyb\u00f3r mebli wykonanych z&nbsp;materia\u0142\u00f3w pochodz\u0105cych z&nbsp;recyklingu, z&nbsp;certyfikatami \u015brodowiskowymi lub produkowanych lokalnie ma znaczenie \u2013 r\u00f3wnie\u017c w oczach klient\u00f3w i&nbsp;pracownik\u00f3w. Pokazuje, \u017ce firma dzia\u0142a w spos\u00f3b odpowiedzialny i&nbsp;d\u0142ugofalowy.<\/p>\n\n\n\n<p>Warto szuka\u0107 rozwi\u0105za\u0144, kt\u00f3re \u0142\u0105cz\u0105 ekologi\u0119 z&nbsp;trwa\u0142o\u015bci\u0105. Meble o&nbsp;d\u0142ugiej \u017cywotno\u015bci, z&nbsp;mo\u017cliwo\u015bci\u0105 serwisowania, kt\u00f3re nie wymagaj\u0105 wymiany co kilka lat, ograniczaj\u0105 ilo\u015b\u0107 odpad\u00f3w i&nbsp;zmniejszaj\u0105 \u015blad w\u0119glowy. Ciekaw\u0105 praktyk\u0105 jest tak\u017ce wyb\u00f3r element\u00f3w, kt\u00f3re mo\u017cna poddawa\u0107 modernizacji \u2013 np. wymienne blaty czy systemy modu\u0142owe.<\/p>\n\n\n\n<p><strong>Co warto wzi\u0105\u0107 pod uwag\u0119:<\/strong><\/p>\n\n\n\n<ul>\n<li>Wybieraj meble oznaczone certyfikatami \u015brodowiskowymi, takimi jak FSC czy Blue Angel.<\/li>\n\n\n\n<li>Unikaj produkt\u00f3w z&nbsp;trudnych do recyklingu tworzyw sztucznych.<\/li>\n\n\n\n<li>Postaw na uniwersaln\u0105 kolorystyk\u0119 i&nbsp;styl \u2013 to wyd\u0142u\u017ca cykl \u017cycia mebli, nawet przy zmianach aran\u017cacyjnych.<\/li>\n\n\n\n<li>Pomy\u015bl o&nbsp;meblach z&nbsp;drugiego obiegu \u2013 odnowione biurka czy rega\u0142y mog\u0105 by\u0107 zar\u00f3wno stylowe i&nbsp;ekologiczne.<\/li>\n<\/ul>\n\n\n\n<p>Zr\u00f3wnowa\u017cone wybory to nie tylko uk\u0142on w stron\u0119 planety. To tak\u017ce sp\u00f3jny komunikat kulturowy \u2013 dla pracownik\u00f3w, partner\u00f3w i&nbsp;klient\u00f3w \u2013 \u017ce firma podejmuje decyzje, kt\u00f3re maj\u0105 sens nie tylko dzi\u015b, ale i&nbsp;jutro.<\/p>\n\n\n\n<h2><strong>Praca zdalna te\u017c zas\u0142uguje na dobre meble<\/strong><\/h2>\n\n\n\n<p>Praca zdalna nie zwalnia z&nbsp;troski o&nbsp;wygod\u0119. Oto jak zorganizowa\u0107 ergonomiczne i&nbsp;stylowe miejsce do pracy w domu:<\/p>\n\n\n\n<ul>\n<li><strong>Meble dostosowane do przestrzeni mieszkalnej<\/strong>:\n<ul>\n<li><strong>kompaktowe biurka<\/strong> \u2013 \u0142\u0105cz\u0105 funkcjonalno\u015b\u0107 z&nbsp;elegancj\u0105,<\/li>\n\n\n\n<li><strong>sk\u0142adane rega\u0142y<\/strong> \u2013 elastyczne rozwi\u0105zanie do przechowywania,<\/li>\n\n\n\n<li><strong>lekkie krzes\u0142a<\/strong> \u2013 \u0142atwe do przestawienia, nie przyt\u0142aczaj\u0105 wn\u0119trza.<\/li>\n<\/ul>\n<\/li>\n<\/ul>\n\n\n\n<p><\/p>\n\n\n\n<ul>\n<li><strong>Ma\u0142y k\u0105cik, du\u017cy komfort<\/strong>:\n<ul>\n<li>kluczowe s\u0105 <strong>w\u0142a\u015bciwe proporcje<\/strong> mebli,<\/li>\n\n\n\n<li>nawet niewielka przestrze\u0144 mo\u017ce by\u0107 ergonomiczna i&nbsp;estetyczna,<\/li>\n\n\n\n<li><strong>wydzielone miejsce pracy<\/strong> pozwala zachowa\u0107 balans mi\u0119dzy \u017cyciem zawodowym a&nbsp;prywatnym.<\/li>\n<\/ul>\n<\/li>\n<\/ul>\n\n\n\n<p><\/p>\n\n\n\n<ul>\n<li><strong>Kolory, kt\u00f3re wspieraj\u0105 koncentracj\u0119<\/strong>:\n<ul>\n<li><strong>jasne barwy<\/strong>, naturalne drewno, pastelowe akcenty \u2013 sprzyjaj\u0105 skupieniu,<\/li>\n\n\n\n<li>kolorystyka wp\u0142ywa na <strong>nastr\u00f3j, poziom stresu i&nbsp;poczucie porz\u0105dku<\/strong>.<\/li>\n<\/ul>\n<\/li>\n<\/ul>\n\n\n\n<p><\/p>\n\n\n\n<ul>\n<li><strong>Design bez kompromis\u00f3w<\/strong>:\n<ul>\n<li>nowoczesne meble \u0142\u0105cz\u0105 wygl\u0105d z&nbsp;praktyczno\u015bci\u0105,<\/li>\n\n\n\n<li>dopasowane do stylu \u017cycia i&nbsp;zada\u0144 u\u017cytkownika \u2013 wspieraj\u0105 produktywno\u015b\u0107.<\/li>\n<\/ul>\n<\/li>\n<\/ul>\n\n\n\n<p><\/p>\n\n\n\n<h2><strong>FAQ \u2013 najcz\u0119\u015bciej zadawane pytania dotycz\u0105ce mebli biurowych<\/strong><\/h2>\n\n\n\n<h3><strong>Jakie cechy powinno mie\u0107 ergonomiczne krzes\u0142o do komputera?<\/strong><\/h3>\n\n\n\n<p>Dobre krzes\u0142o powinno mie\u0107 regulacj\u0119 wysoko\u015bci, oparcia i&nbsp;pod\u0142okietnik\u00f3w, podparcie l\u0119d\u017awiowe, mechanik\u0119 synchroniczn\u0105 oraz stabiln\u0105 podstaw\u0119 z&nbsp;cichymi k\u00f3\u0142kami. Wa\u017cna jest te\u017c oddychaj\u0105ca tkanina, kt\u00f3ra zwi\u0119ksza komfort pracy.<\/p>\n\n\n\n<h3><strong>Czym kierowa\u0107 si\u0119 przy wyborze biurka do pracy biurowej lub domowej?<\/strong><\/h3>\n\n\n\n<p>Biurko powinno by\u0107 dopasowane do rodzaju pracy i&nbsp;dost\u0119pnej przestrzeni. Kluczowe s\u0105 odpowiednia g\u0142\u0119boko\u015b\u0107 blatu, mo\u017cliwo\u015b\u0107 przechowywania drobiazg\u00f3w i&nbsp;\u2013 je\u015bli to mo\u017cliwe \u2013 regulowana wysoko\u015b\u0107 do pracy w pozycji siedz\u0105cej i&nbsp;stoj\u0105cej.<\/p>\n\n\n\n<h3><strong>Jakie meble najlepiej sprawdzaj\u0105 si\u0119 w biurach typu open space?<\/strong><\/h3>\n\n\n\n<p>W open space\u2019ach warto postawi\u0107 na meble modu\u0142owe, kt\u00f3re da si\u0119 \u0142atwo przestawia\u0107. Pomocne s\u0105 te\u017c panele akustyczne, mobilne \u015bcianki i&nbsp;kabiny do rozm\u00f3w, a&nbsp;tak\u017ce biurka naro\u017cne i&nbsp;strefy wsp\u00f3lne z&nbsp;wygodnym wyposa\u017ceniem.<\/p>\n\n\n\n<h3><strong>Jakie rozwi\u0105zania pomog\u0105 utrzyma\u0107 porz\u0105dek w przestrzeni biurowej?<\/strong><\/h3>\n\n\n\n<p>Najlepiej sprawdzaj\u0105 si\u0119 rega\u0142y zamkni\u0119te, otwarte p\u00f3\u0142ki do szybkiego dost\u0119pu, kontenerki na k\u00f3\u0142kach i&nbsp;szuflady podblatowe. Odpowiednio dobrane systemy przechowywania poprawiaj\u0105 nie tylko wygl\u0105d, ale i&nbsp;efektywno\u015b\u0107 pracy.<\/p>\n\n\n\n<h3><strong>W jaki spos\u00f3b meble biurowe wp\u0142ywaj\u0105 na wizerunek firmy i&nbsp;samopoczucie pracownik\u00f3w?<\/strong><\/h3>\n\n\n\n<p>Meble odzwierciedlaj\u0105 charakter firmy i&nbsp;wp\u0142ywaj\u0105 na atmosfer\u0119 pracy. Estetyczne, ergonomiczne wn\u0119trze poprawia komfort, zmniejsza stres i&nbsp;buduje pozytywny wizerunek \u2013 zar\u00f3wno w oczach pracownik\u00f3w, jak i&nbsp;klient\u00f3w.<\/p>\n","protected":false},"excerpt":{"rendered":"<p>W dobrze urz\u0105dzonym biurze nie tylko pracuje si\u0119 przyjemniej, ale te\u017c efektywniej. Meble biurowe, kt\u00f3re wspieraj\u0105 cia\u0142o, porz\u0105dkuj\u0105 przestrze\u0144 i&nbsp;sprzyjaj\u0105 skupieniu, przestaj\u0105 by\u0107 dodatkiem \u2013 staj\u0105 si\u0119 narz\u0119dziem pracy. Ich wyb\u00f3r nie powinien wi\u0119c opiera\u0107 si\u0119 jedynie na estetyce czy cenie. Liczy si\u0119 ergonomia, funkcjonalno\u015b\u0107, jako\u015b\u0107 i&nbsp;dostosowanie do realnych potrzeb zespo\u0142u. Uk\u0142ad, kt\u00f3ry robi r\u00f3\u017cnic\u0119 [&hellip;]<\/p>\n","protected":false},"author":5,"featured_media":3285,"comment_status":"closed","ping_status":"closed","sticky":false,"template":"","format":"standard","meta":[],"categories":[201,340],"tags":[],"jetpack_featured_media_url":"https:\/\/www.manutan.pl\/blog\/wp-content\/uploads\/2025\/07\/jak_wybrac_meble_biurowe.webp","_links":{"self":[{"href":"https:\/\/www.manutan.pl\/blog\/wp-json\/wp\/v2\/posts\/3284"}],"collection":[{"href":"https:\/\/www.manutan.pl\/blog\/wp-json\/wp\/v2\/posts"}],"about":[{"href":"https:\/\/www.manutan.pl\/blog\/wp-json\/wp\/v2\/types\/post"}],"author":[{"embeddable":true,"href":"https:\/\/www.manutan.pl\/blog\/wp-json\/wp\/v2\/users\/5"}],"replies":[{"embeddable":true,"href":"https:\/\/www.manutan.pl\/blog\/wp-json\/wp\/v2\/comments?post=3284"}],"version-history":[{"count":5,"href":"https:\/\/www.manutan.pl\/blog\/wp-json\/wp\/v2\/posts\/3284\/revisions"}],"predecessor-version":[{"id":3358,"href":"https:\/\/www.manutan.pl\/blog\/wp-json\/wp\/v2\/posts\/3284\/revisions\/3358"}],"wp:featuredmedia":[{"embeddable":true,"href":"https:\/\/www.manutan.pl\/blog\/wp-json\/wp\/v2\/media\/3285"}],"wp:attachment":[{"href":"https:\/\/www.manutan.pl\/blog\/wp-json\/wp\/v2\/media?parent=3284"}],"wp:term":[{"taxonomy":"category","embeddable":true,"href":"https:\/\/www.manutan.pl\/blog\/wp-json\/wp\/v2\/categories?post=3284"},{"taxonomy":"post_tag","embeddable":true,"href":"https:\/\/www.manutan.pl\/blog\/wp-json\/wp\/v2\/tags?post=3284"}],"curies":[{"name":"wp","href":"https:\/\/api.w.org\/{rel}","templated":true}]}}