{"id":3303,"date":"2025-07-04T09:14:11","date_gmt":"2025-07-04T07:14:11","guid":{"rendered":"https:\/\/www.manutan.pl\/blog\/?p=3303"},"modified":"2025-08-12T11:55:53","modified_gmt":"2025-08-12T09:55:53","slug":"stol-skladany-i-stol-do-pakowania-rozwiazania-dla-dynamicznego-srodowiska-pracy","status":"publish","type":"post","link":"https:\/\/www.manutan.pl\/blog\/stol-skladany-i-stol-do-pakowania-rozwiazania-dla-dynamicznego-srodowiska-pracy\/","title":{"rendered":"St\u00f3\u0142 sk\u0142adany i&nbsp;st\u00f3\u0142 do pakowania \u2013 rozwi\u0105zania dla dynamicznego \u015brodowiska pracy"},"content":{"rendered":"<figure class=\"wp-block-post-featured-image\"><img width=\"1920\" height=\"1280\" src=\"https:\/\/www.manutan.pl\/blog\/wp-content\/uploads\/2025\/07\/stol_skladany.webp\" class=\"attachment-post-thumbnail size-post-thumbnail wp-post-image\" alt=\"stol_skladany\" decoding=\"async\" loading=\"lazy\" srcset=\"https:\/\/www.manutan.pl\/blog\/wp-content\/uploads\/2025\/07\/stol_skladany.webp 1920w, https:\/\/www.manutan.pl\/blog\/wp-content\/uploads\/2025\/07\/stol_skladany-300x200.webp 300w, https:\/\/www.manutan.pl\/blog\/wp-content\/uploads\/2025\/07\/stol_skladany-1024x683.webp 1024w, https:\/\/www.manutan.pl\/blog\/wp-content\/uploads\/2025\/07\/stol_skladany-768x512.webp 768w, https:\/\/www.manutan.pl\/blog\/wp-content\/uploads\/2025\/07\/stol_skladany-1536x1024.webp 1536w\" sizes=\"(max-width: 1920px) 100vw, 1920px\" \/><\/figure>\n\n\n<p>W dynamicznym \u015brodowisku pracy, gdzie przestrze\u0144 i&nbsp;organizacja odgrywaj\u0105 kluczow\u0105 rol\u0119, odpowiednie wyposa\u017cenie magazynu i&nbsp;biura staje si\u0119 fundamentem efektywno\u015bci. St\u00f3\u0142 sk\u0142adany oraz st\u00f3\u0142 do pakowania to dwa praktyczne rozwi\u0105zania, kt\u00f3re odpowiadaj\u0105 na potrzeby nowoczesnych firm i&nbsp;u\u017cytkownik\u00f3w prywatnych, zapewniaj\u0105c komfort pracy, ergonomi\u0119 oraz oszcz\u0119dno\u015b\u0107 miejsca.<\/p>\n\n\n\n<h2><strong>St\u00f3\u0142 sk\u0142adany \u2013 idealne rozwi\u0105zanie dla ograniczonej przestrzeni<\/strong><\/h2>\n\n\n\n<p>St\u00f3\u0142 sk\u0142adany to wszechstronne wyposa\u017cenie magazynu i&nbsp;biura, kt\u00f3re \u0142\u0105czy funkcjonalno\u015b\u0107 z&nbsp;oszcz\u0119dno\u015bci\u0105 miejsca. Jest to szczeg\u00f3lnie wa\u017cne w \u015brodowiskach, gdzie przestrze\u0144 jest ograniczona, a&nbsp;potrzeby zmieniaj\u0105 si\u0119 dynamicznie.<\/p>\n\n\n\n<h3><strong>Zalety sto\u0142u sk\u0142adanego:<\/strong><\/h3>\n\n\n\n<ul>\n<li>\u0141atwo\u015b\u0107 przechowywania \u2013 mo\u017cliwo\u015b\u0107 szybkiego z\u0142o\u017cenia i&nbsp;odstawienia.<\/li>\n\n\n\n<li>Mobilno\u015b\u0107 \u2013 lekka konstrukcja u\u0142atwia transport.<\/li>\n\n\n\n<li>Uniwersalno\u015b\u0107 zastosowania \u2013 od biur po&nbsp;domowe przestrzenie.<\/li>\n\n\n\n<li>Prostota czyszczenia \u2013 g\u0142adkie powierzchnie sprzyjaj\u0105 utrzymaniu czysto\u015bci.<\/li>\n<\/ul>\n\n\n\n<p>W praktyce st\u00f3\u0142 sk\u0142adany sprawdza si\u0119 znakomicie w r\u00f3\u017cnych scenariuszach:<\/p>\n\n\n\n<ul>\n<li>Jadalniach w ma\u0142ym mieszkaniu.<\/li>\n\n\n\n<li>Salach konferencyjna do okazjonalnych spotka\u0144.<\/li>\n\n\n\n<li>Dodatkowy st\u00f3\u0142 podczas imprez i&nbsp;wydarze\u0144 firmowych.<\/li>\n<\/ul>\n\n\n\n<p>Jednym z&nbsp;polecanych modeli jest <a href=\"https:\/\/www.manutan.pl\/pl\/mpl\/stol-skladany-eco-80-x-60-cm\" target=\"_blank\" rel=\"noreferrer noopener\"><strong><mark style=\"background-color:rgba(0, 0, 0, 0)\" class=\"has-inline-color has-primary-color\">st\u00f3\u0142 sk\u0142adany Eco, 80 x 60 cm<\/mark><\/strong><\/a>. To ekologiczne i&nbsp;kompaktowe rozwi\u0105zanie wyr\u00f3\u017cnia si\u0119 czarn\u0105 podstaw\u0105 oraz mechanizmem zatrzaskowym zapewniaj\u0105cym stabilno\u015b\u0107 zar\u00f3wno w pozycji otwartej, jak i&nbsp;zamkni\u0119tej. Jest lekki, praktyczny, a&nbsp;dzi\u0119ki ogranicznikom zabezpieczaj\u0105cym przy sztaplowaniu, idealnie nadaje si\u0119 do \u0142atwego magazynowania.<\/p>\n\n\n\n<h2><strong>Kiedy szczeg\u00f3lnie warto wybra\u0107 st\u00f3\u0142 sk\u0142adany?<\/strong><\/h2>\n\n\n\n<ul>\n<li>Je\u015bli przestrze\u0144 pracy jest ograniczona.<\/li>\n\n\n\n<li>Gdy potrzebujesz elastycznych rozwi\u0105za\u0144 meblowych.<\/li>\n\n\n\n<li>Do czasowego powi\u0119kszenia powierzchni roboczej.<\/li>\n\n\n\n<li>W miejscach, gdzie wymagana jest cz\u0119sta zmiana aran\u017cacji.<\/li>\n<\/ul>\n\n\n\n<h3><strong>St\u00f3\u0142 do pakowania \u2013 efektywno\u015b\u0107 i&nbsp;ergonomia w miejscu pracy<\/strong><\/h3>\n\n\n\n<p>W \u015bwiatowej logistyce i&nbsp;handlu internetowym st\u00f3\u0142 do pakowania sta\u0142 si\u0119 nieodzownym elementem wyposa\u017cenia magazynu. To specjalistyczne narz\u0119dzie, kt\u00f3re poprawia komfort pracy, przyspiesza procesy i&nbsp;minimalizuje ryzyko b\u0142\u0119d\u00f3w.<\/p>\n\n\n\n<p><strong>Dlaczego warto inwestowa\u0107 w st\u00f3\u0142 do pakowania?<\/strong><\/p>\n\n\n\n<ul>\n<li><strong>Optymalizacja przestrzeni<\/strong> \u2013 ergonomiczna konstrukcja wykorzystuje ka\u017cdy centymetr powierzchni.<\/li>\n\n\n\n<li><strong>Wzrost wydajno\u015bci<\/strong> \u2013 organizacja narz\u0119dzi i&nbsp;materia\u0142\u00f3w usprawnia prac\u0119.<\/li>\n\n\n\n<li><strong>Redukcja koszt\u00f3w<\/strong> \u2013 skr\u00f3cenie czasu pakowania przek\u0142ada si\u0119 na wy\u017csz\u0105 rentowno\u015b\u0107.<\/li>\n\n\n\n<li><strong>Bezpiecze\u0144stwo i&nbsp;ergonomia<\/strong> \u2013 regulowane wysoko\u015bci zapobiegaj\u0105 urazom i&nbsp;zm\u0119czeniu.<\/li>\n<\/ul>\n\n\n\n<p>Idealnym przyk\u0142adem jest <a href=\"https:\/\/www.manutan.pl\/pl\/mpl\/stol-do-pakowania-rocholz-standard-z-akcesoriami\" target=\"_blank\" rel=\"noreferrer noopener\"><strong><mark style=\"background-color:rgba(0, 0, 0, 0)\" class=\"has-inline-color has-primary-color\">st\u00f3\u0142 do pakowania Rocholz Standard<\/mark><\/strong><\/a>. Jego mocna stalowa konstrukcja, wzmocniony blat i&nbsp;bogate wyposa\u017cenie (metalowe p\u00f3\u0142ki, przegrody) czyni\u0105 go nieocenionym wsparciem w intensywnie eksploatowanych magazynach. Dzi\u0119ki regulowanym nogom i&nbsp;kompaktowej powierzchni (mniej ni\u017c 1,3 m2) \u015bwietnie sprawdza si\u0119 zar\u00f3wno w du\u017cych, jak i&nbsp;ma\u0142ych przestrzeniach.<\/p>\n\n\n\n<p><strong>Typowe miejsca zastosowania sto\u0142\u00f3w do pakowania:<\/strong><\/p>\n\n\n\n<ul>\n<li>Magazyny firm kurierskich i&nbsp;logistycznych.<\/li>\n\n\n\n<li>Sklepy internetowe prowadzone z&nbsp;domu.<\/li>\n\n\n\n<li>Firmy produkcyjne pakuj\u0105ce wyroby na eksport.<\/li>\n\n\n\n<li>Centra dystrybucyjne.<\/li>\n<\/ul>\n\n\n\n<h2><strong>Jak wybra\u0107 odpowiednie wyposa\u017cenie magazynu?<\/strong><\/h2>\n\n\n\n<p>Wyb\u00f3r odpowiedniego sto\u0142u sk\u0142adanego lub sto\u0142u do pakowania powinien by\u0107 poprzedzony analiz\u0105 potrzeb i&nbsp;warunk\u00f3w pracy. Kilka kluczowych kryteri\u00f3w pozwoli unikn\u0105\u0107 nietrafionych inwestycji.<\/p>\n\n\n\n<p><strong>Kluczowe pytania przed zakupem:<\/strong><\/p>\n\n\n\n<ul>\n<li>Jak cz\u0119sto b\u0119dzie wykorzystywany st\u00f3\u0142?<\/li>\n\n\n\n<li>Jak du\u017c\u0105 przestrzeni\u0105 dysponujesz?<\/li>\n\n\n\n<li>Czy st\u00f3\u0142 b\u0119dzie sta\u0142y czy mobilny?<\/li>\n\n\n\n<li>Jakie s\u0105 potrzeby dotycz\u0105ce ergonomii i&nbsp;funkcjonalno\u015bci?<\/li>\n<\/ul>\n\n\n\n<p><strong>Cechy, na kt\u00f3re warto zwr\u00f3ci\u0107 uwag\u0119:<\/strong><\/p>\n\n\n\n<ul>\n<li><strong>Materia\u0142y konstrukcyjne<\/strong> \u2013 stal, aluminium, p\u0142yty laminowane.<\/li>\n\n\n\n<li><strong>Stabilno\u015b\u0107 i&nbsp;bezpiecze\u0144stwo<\/strong> \u2013 solidne mechanizmy sk\u0142adania i&nbsp;blokady.<\/li>\n\n\n\n<li><strong>Funkcjonalne dodatki<\/strong> \u2013 p\u00f3\u0142ki, przegrody, regulacja wysoko\u015bci.<\/li>\n\n\n\n<li><strong>Oszcz\u0119dno\u015b\u0107 miejsca<\/strong> \u2013 kompaktowe wymiary po&nbsp;z\u0142o\u017ceniu.<\/li>\n<\/ul>\n\n\n\n<p><strong>Na co zwr\u00f3ci\u0107 uwag\u0119 podczas wyboru sto\u0142u sk\u0142adanego lub do pakowania?<\/strong><\/p>\n\n\n\n<ul>\n<li>Odpowiednia wielko\u015b\u0107 i&nbsp;no\u015bno\u015b\u0107 blatu.<\/li>\n\n\n\n<li>\u0141atwo\u015b\u0107 monta\u017cu i&nbsp;demonta\u017cu.<\/li>\n\n\n\n<li>Odporno\u015b\u0107 na uszkodzenia mechaniczne.<\/li>\n\n\n\n<li>Estetyka wykonania dopasowana do przestrzeni pracy.<\/li>\n<\/ul>\n\n\n\n<p>W ofercie <a href=\"https:\/\/www.manutan.pl\/pl\/mpl\/przemysl-magazyn-i-warsztat\" target=\"_blank\" rel=\"noreferrer noopener\"><mark style=\"background-color:rgba(0, 0, 0, 0)\" class=\"has-inline-color has-primary-color\">wyposa\u017cenia magazyn\u00f3w<\/mark><\/a>, mo\u017cna znale\u017a\u0107 sto\u0142y odpowiadaj\u0105ce zar\u00f3wno standardowym wymaganiom, jak i&nbsp;bardziej zaawansowanym oczekiwaniom profesjonalnych magazyn\u00f3w.<\/p>\n\n\n\n<p>St\u00f3\u0142 sk\u0142adany oraz st\u00f3\u0142 do pakowania to praktyczne i&nbsp;elastyczne rozwi\u0105zania dla firm i&nbsp;u\u017cytkownik\u00f3w prywatnych, kt\u00f3rzy ceni\u0105 ergonomi\u0119, efektywno\u015b\u0107 i&nbsp;\u0142atwo\u015b\u0107 organizacji przestrzeni. Inwestuj\u0105c w odpowiednie wyposa\u017cenie magazynu, mo\u017cna znacznie poprawi\u0107 komfort codziennej pracy i&nbsp;efektywno\u015b\u0107 dzia\u0142a\u0144.<\/p>\n\n\n\n<h2><strong>FAQ \u2013 Najcz\u0119\u015bciej zadawane pytania<\/strong><\/h2>\n\n\n\n<h3><strong>1. Na co zwr\u00f3ci\u0107 uwag\u0119 kupuj\u0105c st\u00f3\u0142 sk\u0142adany?<\/strong><\/h3>\n\n\n\n<p>Przy wyborze sto\u0142u sk\u0142adanego warto sprawdzi\u0107 jako\u015b\u0107 mechanizmu sk\u0142adania, stabilno\u015b\u0107 konstrukcji oraz rozmiar po&nbsp;z\u0142o\u017ceniu. Wa\u017cne jest r\u00f3wnie\u017c, by st\u00f3\u0142 by\u0142 lekki i&nbsp;\u0142atwy do przenoszenia.<\/p>\n\n\n\n<h3><strong>2. Czy st\u00f3\u0142 do pakowania sprawdzi si\u0119 w ma\u0142ej firmie?<\/strong><\/h3>\n\n\n\n<p>Tak, nawet niewielka firma odczuje korzy\u015bci p\u0142yn\u0105ce z&nbsp;lepszej organizacji pracy i&nbsp;oszcz\u0119dno\u015bci miejsca dzi\u0119ki kompaktowym modelom sto\u0142\u00f3w do pakowania.<\/p>\n\n\n\n<h3><strong>3. Jakie funkcje zwi\u0119kszaj\u0105 ergonomi\u0119 sto\u0142u do pakowania?<\/strong><\/h3>\n\n\n\n<p>Warto zwr\u00f3ci\u0107 uwag\u0119 na regulacj\u0119 wysoko\u015bci, dost\u0119pno\u015b\u0107 dodatkowych p\u00f3\u0142ek i&nbsp;przegr\u00f3dek oraz solidno\u015b\u0107 blatu, co pozwala na komfortow\u0105 i&nbsp;bezpieczn\u0105 prac\u0119.<\/p>\n\n\n\n<h3><strong>4. Czy sto\u0142y sk\u0142adane s\u0105 trwa\u0142e?<\/strong><\/h3>\n\n\n\n<p>Tak, pod warunkiem wyboru modeli wykonanych z&nbsp;wysokiej jako\u015bci materia\u0142\u00f3w, takich jak stal lub laminowane p\u0142yty meblowe. Warto te\u017c dba\u0107 o&nbsp;prawid\u0142owe u\u017cytkowanie i&nbsp;konserwacj\u0119.<\/p>\n","protected":false},"excerpt":{"rendered":"<p>W dynamicznym \u015brodowisku pracy, gdzie przestrze\u0144 i&nbsp;organizacja odgrywaj\u0105 kluczow\u0105 rol\u0119, odpowiednie wyposa\u017cenie magazynu i&nbsp;biura staje si\u0119 fundamentem efektywno\u015bci. St\u00f3\u0142 sk\u0142adany oraz st\u00f3\u0142 do pakowania to dwa praktyczne rozwi\u0105zania, kt\u00f3re odpowiadaj\u0105 na potrzeby nowoczesnych firm i&nbsp;u\u017cytkownik\u00f3w prywatnych, zapewniaj\u0105c komfort pracy, ergonomi\u0119 oraz oszcz\u0119dno\u015b\u0107 miejsca. St\u00f3\u0142 sk\u0142adany \u2013 idealne rozwi\u0105zanie dla ograniczonej przestrzeni St\u00f3\u0142 sk\u0142adany to wszechstronne [&hellip;]<\/p>\n","protected":false},"author":5,"featured_media":3304,"comment_status":"closed","ping_status":"closed","sticky":false,"template":"","format":"standard","meta":[],"categories":[201,340],"tags":[],"jetpack_featured_media_url":"https:\/\/www.manutan.pl\/blog\/wp-content\/uploads\/2025\/07\/stol_skladany.webp","_links":{"self":[{"href":"https:\/\/www.manutan.pl\/blog\/wp-json\/wp\/v2\/posts\/3303"}],"collection":[{"href":"https:\/\/www.manutan.pl\/blog\/wp-json\/wp\/v2\/posts"}],"about":[{"href":"https:\/\/www.manutan.pl\/blog\/wp-json\/wp\/v2\/types\/post"}],"author":[{"embeddable":true,"href":"https:\/\/www.manutan.pl\/blog\/wp-json\/wp\/v2\/users\/5"}],"replies":[{"embeddable":true,"href":"https:\/\/www.manutan.pl\/blog\/wp-json\/wp\/v2\/comments?post=3303"}],"version-history":[{"count":2,"href":"https:\/\/www.manutan.pl\/blog\/wp-json\/wp\/v2\/posts\/3303\/revisions"}],"predecessor-version":[{"id":3352,"href":"https:\/\/www.manutan.pl\/blog\/wp-json\/wp\/v2\/posts\/3303\/revisions\/3352"}],"wp:featuredmedia":[{"embeddable":true,"href":"https:\/\/www.manutan.pl\/blog\/wp-json\/wp\/v2\/media\/3304"}],"wp:attachment":[{"href":"https:\/\/www.manutan.pl\/blog\/wp-json\/wp\/v2\/media?parent=3303"}],"wp:term":[{"taxonomy":"category","embeddable":true,"href":"https:\/\/www.manutan.pl\/blog\/wp-json\/wp\/v2\/categories?post=3303"},{"taxonomy":"post_tag","embeddable":true,"href":"https:\/\/www.manutan.pl\/blog\/wp-json\/wp\/v2\/tags?post=3303"}],"curies":[{"name":"wp","href":"https:\/\/api.w.org\/{rel}","templated":true}]}}